{"id":15030,"date":"2020-07-30T21:34:39","date_gmt":"2020-07-31T00:34:39","guid":{"rendered":"https:\/\/blogs.correiobraziliense.com.br\/vicente\/?p=15030"},"modified":"2020-07-30T22:05:19","modified_gmt":"2020-07-31T01:05:19","slug":"banqueiros-estranham-demora-para-nomeacao-de-novo-presidente-do-banco-do-brasil","status":"publish","type":"post","link":"https:\/\/blogs.correiobraziliense.com.br\/vicente\/banqueiros-estranham-demora-para-nomeacao-de-novo-presidente-do-banco-do-brasil\/","title":{"rendered":"Banqueiros estranham demora para nomea\u00e7\u00e3o de novo presidente do Banco do Brasil"},"content":{"rendered":"<h2>O zunzunzum est\u00e1 grande entre os principais banqueiros do pa\u00eds diante da demora do governo em nomear o novo presidente do Banco do Brasil. A percep\u00e7\u00e3o que come\u00e7a a ganhar for\u00e7a entre eles \u00e9 a de que est\u00e1 havendo um embate entre o ministro da Economia, Paulo Guedes, e o Pal\u00e1cio do Planalto na defini\u00e7\u00e3o do sucessor de Rubem Novaes, que renunciou ao cargo.<\/h2>\n<p>&nbsp;<\/p>\n<p>As leituras s\u00e3o muitas entre os banqueiros. Para eles, como a sa\u00edda de Novaes da presid\u00eancia do BB vinha <a href=\"https:\/\/blogs.correiobraziliense.com.br\/vicente\/pedido-de-renuncia-do-presidente-do-bb-ao-ministro-foi-feito-ha-um-mes\/\">sendo negociada desde junho<\/a>, conforme o pr\u00f3prio executivo anunciou, era mais do que natural que <a href=\"https:\/\/blogs.correiobraziliense.com.br\/vicente\/diante-de-debandada-da-equipe-guedes-quer-nome-do-mercado-para-o-bb-para-mostrar-forca\/\">Guedes j\u00e1 tivesse um nome<\/a> para o comando da maior institui\u00e7\u00e3o financeira p\u00fablica. Ou seja, n\u00e3o houve surpresa para o ministro na <a href=\"https:\/\/blogs.correiobraziliense.com.br\/vicente\/rubem-novaes-cai-da-presidencia-do-banco-do-brasil\/\">ren\u00fancia de Novaes<\/a> anunciada h\u00e1 uma semana (24 de julho).<\/p>\n<p>&nbsp;<\/p>\n<p>Como refer\u00eancia, citam o caso de Mansueto Almeida, que deixou, de forma negociada, a Secretaria do Tesouro Nacional e, no mesmo dia, foi anunciado o nome de seu sucessor justamente para sinalizar a continuidade no manejo das contas p\u00fablicas. Segundo os banqueiros, seria importante que, no caso de Novaes, tamb\u00e9m com a sa\u00edda j\u00e1 aventada, Guedes j\u00e1 tivesse um sucessor nas mangas.<\/p>\n<p>&nbsp;<\/p>\n<p><strong>Embates pol\u00edticos pelo comando do BB<\/strong><\/p>\n<p>&nbsp;<\/p>\n<p>Para os banqueiros, ante a demora para a escolha do presidente do Banco do Brasil, deve-se questionar: cad\u00ea a for\u00e7a de Guedes no mercado? Esperava-se que, diante de um convite do ministro, muitos se colocassem \u00e0 disposi\u00e7\u00e3o para ajud\u00e1-lo. Mas a impress\u00e3o que se tem \u00e9 a de que est\u00e1 havendo negativas. E isso est\u00e1 abrindo embates pol\u00edticos pelo comando do BB no Planalto sem que o presidente Jair Bolsonaro fa\u00e7a uma interven\u00e7\u00e3o.<\/p>\n<p>&nbsp;<\/p>\n<p>Os mesmos banqueiros reconhecem que, se tivesse optado logo por uma <a href=\"https:\/\/blogs.correiobraziliense.com.br\/vicente\/pedro-guimaraes-carlos-hamilton-walter-malieni-e-carlos-motta-na-disputa-pelo-comando-do-bb\/\">solu\u00e7\u00e3o caseira<\/a>, puxando para a presid\u00eancia um dos vice-presidentes do BB, al\u00e9m de ter excelentes nomes, Guedes n\u00e3o estaria passando por questionamentos sobre a dificuldade em encontrar o substituto de Rubem Novaes.<\/p>\n<p>&nbsp;<\/p>\n<p>Um dos banqueiros ressalta que, num governo que tem um ministro interino no meio da mais grave pandemia em 100 anos, muitos podem achar natural a demora para a nomea\u00e7\u00e3o do novo presidente do Banco do Brasil. Mas quem acompanha esse tema de perto acredita que h\u00e1 algo muito estranho no ar.<\/p>\n<p>&nbsp;<\/p>\n<p><em>Bras\u00edlia, 21h34min<\/em><\/p>\n","protected":false},"excerpt":{"rendered":"<p>O zunzunzum est\u00e1 grande entre os principais banqueiros do pa\u00eds diante da demora do governo em nomear o novo presidente do Banco do Brasil. A percep\u00e7\u00e3o que come\u00e7a a ganhar for\u00e7a entre eles \u00e9 a de que est\u00e1 havendo um embate entre o ministro da Economia, Paulo Guedes, e o Pal\u00e1cio do Planalto na defini\u00e7\u00e3o [&hellip;]<\/p>\n","protected":false},"author":22,"featured_media":14931,"comment_status":"open","ping_status":"closed","sticky":false,"template":"","format":"standard","meta":{"footnotes":""},"categories":[600],"tags":[229,3192,2554,3616,3032,429],"class_list":["post-15030","post","type-post","status-publish","format-standard","has-post-thumbnail","hentry","category-economia","tag-banco-do-brasil","tag-banqueiros","tag-bolsonaro","tag-guedes","tag-nomeacao","tag-previdencia"],"_links":{"self":[{"href":"https:\/\/blogs.correiobraziliense.com.br\/vicente\/wp-json\/wp\/v2\/posts\/15030","targetHints":{"allow":["GET"]}}],"collection":[{"href":"https:\/\/blogs.correiobraziliense.com.br\/vicente\/wp-json\/wp\/v2\/posts"}],"about":[{"href":"https:\/\/blogs.correiobraziliense.com.br\/vicente\/wp-json\/wp\/v2\/types\/post"}],"author":[{"embeddable":true,"href":"https:\/\/blogs.correiobraziliense.com.br\/vicente\/wp-json\/wp\/v2\/users\/22"}],"replies":[{"embeddable":true,"href":"https:\/\/blogs.correiobraziliense.com.br\/vicente\/wp-json\/wp\/v2\/comments?post=15030"}],"version-history":[{"count":1,"href":"https:\/\/blogs.correiobraziliense.com.br\/vicente\/wp-json\/wp\/v2\/posts\/15030\/revisions"}],"predecessor-version":[{"id":15031,"href":"https:\/\/blogs.correiobraziliense.com.br\/vicente\/wp-json\/wp\/v2\/posts\/15030\/revisions\/15031"}],"wp:featuredmedia":[{"embeddable":true,"href":"https:\/\/blogs.correiobraziliense.com.br\/vicente\/wp-json\/wp\/v2\/media\/14931"}],"wp:attachment":[{"href":"https:\/\/blogs.correiobraziliense.com.br\/vicente\/wp-json\/wp\/v2\/media?parent=15030"}],"wp:term":[{"taxonomy":"category","embeddable":true,"href":"https:\/\/blogs.correiobraziliense.com.br\/vicente\/wp-json\/wp\/v2\/categories?post=15030"},{"taxonomy":"post_tag","embeddable":true,"href":"https:\/\/blogs.correiobraziliense.com.br\/vicente\/wp-json\/wp\/v2\/tags?post=15030"}],"curies":[{"name":"wp","href":"https:\/\/api.w.org\/{rel}","templated":true}]}}