{"id":15025,"date":"2020-07-30T17:51:50","date_gmt":"2020-07-30T20:51:50","guid":{"rendered":"https:\/\/blogs.correiobraziliense.com.br\/vicente\/?p=15025"},"modified":"2020-07-30T20:46:18","modified_gmt":"2020-07-30T23:46:18","slug":"investigado-pelo-mpf-por-irregularidades-no-inmetro-assume-cargo-no-governo-do-df","status":"publish","type":"post","link":"https:\/\/blogs.correiobraziliense.com.br\/vicente\/investigado-pelo-mpf-por-irregularidades-no-inmetro-assume-cargo-no-governo-do-df\/","title":{"rendered":"Investigado pelo MPF por irregularidades no Inmetro assume cargo no Governo do DF"},"content":{"rendered":"<h2>Alvo de investiga\u00e7\u00e3o do Minist\u00e9rio P\u00fablico Federal (MPF) por causa de uma s\u00e9rie de irregularidades cometidas durante o per\u00edodo em que foi presidente do Instituto Nacional de Metrologia, Qualidade e Tecnologia (Inmetro),\u00a0<a href=\"https:\/\/blogs.correiobraziliense.com.br\/vicente\/mdic-investiga-conduta-de-presidente-do-inmetro\/\">Carlos Augusto Azevedo<\/a> tomou posse como subsecret\u00e1rio de Educa\u00e7\u00e3o Profissional e Tecnol\u00f3gica da Secretaria de Educa\u00e7\u00e3o do Distrito Federal.<\/h2>\n<p>&nbsp;<\/p>\n<p>A nomea\u00e7\u00e3o de Azevedo foi publicada no <em>Di\u00e1rio Oficial<\/em> do DF de 25 de junho de 2020.<\/p>\n<p>&nbsp;<\/p>\n<p>Segundo o Minist\u00e9rio P\u00fablico Federal, foram abertos pelo menos <a href=\"https:\/\/blogs.correiobraziliense.com.br\/vicente\/ministerio-publico-abre-nove-inqueritos-para-apurar-irregularidades-no-inmetro\/\">nove inqu\u00e9ritos para apurar malfeitos no Inmetro<\/a> durante a gest\u00e3o de Azevedo. O \u00f3rg\u00e3o \u00e9 vinculado ao Minist\u00e9rio da Economia. As investiga\u00e7\u00f5es, que envolvem toda a diretoria da \u00e9poca, v\u00e3o de ass\u00e9dio moral a fraudes em contratos com empresas de limpeza e de processamento de dados.<\/p>\n<p>&nbsp;<\/p>\n<p>Antes das investiga\u00e7\u00f5es abertas pelo MPF, o agora\u00a0subsecret\u00e1rio de Educa\u00e7\u00e3o Profissional e Tecnol\u00f3gica da Secretaria de Educa\u00e7\u00e3o do Distrito Federal j\u00e1 havia sido <a href=\"https:\/\/www.correiobraziliense.com.br\/app\/noticia\/economia\/2018\/01\/19\/internas_economia,654254\/chefe-do-inmetro-e-condenado-na-justica-por-contratos-sem-licitacao.shtml\">condenado em segunda inst\u00e2ncia por improbidade administrativa<\/a> durante a passagem dele pela Funda\u00e7\u00e3o de Apoio \u00e0 Escola T\u00e9cnica (Faetec).<\/p>\n<p>&nbsp;<\/p>\n<p><strong>Azevedo \u00e9 muito pr\u00f3ximo a prefeito do MDB<\/strong><\/p>\n<p>&nbsp;<\/p>\n<p>Azevedo \u00e9 muito ligado a Washington Reis, do MDB, prefeito de Duque de Caxias, regi\u00e3o metropolitana do Rio de Janeiro. A proximidade entre os dois \u00e9 t\u00e3o grande, que o Inmetro, \u00e0 \u00e9poca, doou um terreno que tinha na cidade para a prefeitura.<\/p>\n<p>&nbsp;<\/p>\n<p>Uma das \u00faltimas pol\u00eamicas criadas por Azevedo no Inmetro foi a nomea\u00e7\u00e3o de Robson Alves de Carvalho, o <a href=\"https:\/\/blogs.correiobraziliense.com.br\/vicente\/dj-e-nomeado-para-comandar-orcamento-de-r-40-milhoes-do-inmetro\/\">DJ Robson Rabbit<\/a>, para chefiar a \u00e1rea de compras do Inmetro, que movimenta mais de R$ 40 milh\u00f5es por ano.<\/p>\n<p>&nbsp;<\/p>\n<p><strong>Outro lado<\/strong><\/p>\n<p>&nbsp;<\/p>\n<p>Em nota encaminhada ao Blog, a Secretaria de Educa\u00e7\u00e3o do Distrito Federal informa que &#8220;Carlos Augusto Azevedo foi nomeado para o cargo de subsecret\u00e1rio de Educa\u00e7\u00e3o Profissional e Tecnol\u00f3gica da Secretaria de Educa\u00e7\u00e3o. \u00c9 professor titular da Universidade do Estado do Rio de Janeiro (UERJ), servidor de carreira. Est\u00e1 em andamento o processo de cess\u00e3o para o Governo do Distrito Federal. At\u00e9 o momento, n\u00e3o h\u00e1 impedimento legal para sua posse&#8221;.<\/p>\n<p>&nbsp;<\/p>\n<p>Tamb\u00e9m por meio de nota, Carlos Augusto Azevedo diz &#8220;que a condena\u00e7\u00e3o \u00e0 qual se refere a nota foi ganha em primeira inst\u00e2ncia, no respectivo processo. Foi condenado \u00e0 revelia, posteriormente, em segundo inst\u00e2ncia. Esta condena\u00e7\u00e3o n\u00e3o gerou san\u00e7\u00e3o e nem multa, tanto que, ap\u00f3s, n\u00e3o houve impedimento para que assumisse a presid\u00eancia do Instituto Nacional de Metrologia, Qualidade e Tecnologia (Inmetro). Sobre a investiga\u00e7\u00e3o do Minist\u00e9rio P\u00fablico Federal (MPF), ele n\u00e3o tem conhecimento. Quando tiver ci\u00eancia, prestar\u00e1 os devidos esclarecimentos&#8221;.<\/p>\n<p>&nbsp;<\/p>\n<p><em>Bras\u00edlia, 17h51min, atualizada \u00e0s 20h45min<\/em><\/p>\n","protected":false},"excerpt":{"rendered":"<p>Alvo de investiga\u00e7\u00e3o do Minist\u00e9rio P\u00fablico Federal (MPF) por causa de uma s\u00e9rie de irregularidades cometidas durante o per\u00edodo em que foi presidente do Instituto Nacional de Metrologia, Qualidade e Tecnologia (Inmetro),\u00a0Carlos Augusto Azevedo tomou posse como subsecret\u00e1rio de Educa\u00e7\u00e3o Profissional e Tecnol\u00f3gica da Secretaria de Educa\u00e7\u00e3o do Distrito Federal. &nbsp; A nomea\u00e7\u00e3o de Azevedo [&hellip;]<\/p>\n","protected":false},"author":22,"featured_media":15026,"comment_status":"open","ping_status":"closed","sticky":false,"template":"","format":"standard","meta":{"footnotes":""},"categories":[600],"tags":[3446,3088,4772,3084,159,4773],"class_list":["post-15025","post","type-post","status-publish","format-standard","has-post-thumbnail","hentry","category-economia","tag-cargo","tag-carlos-augusto-azevedo","tag-governo-do-df","tag-inmetro","tag-irregularidades","tag-irrregularidades"],"_links":{"self":[{"href":"https:\/\/blogs.correiobraziliense.com.br\/vicente\/wp-json\/wp\/v2\/posts\/15025","targetHints":{"allow":["GET"]}}],"collection":[{"href":"https:\/\/blogs.correiobraziliense.com.br\/vicente\/wp-json\/wp\/v2\/posts"}],"about":[{"href":"https:\/\/blogs.correiobraziliense.com.br\/vicente\/wp-json\/wp\/v2\/types\/post"}],"author":[{"embeddable":true,"href":"https:\/\/blogs.correiobraziliense.com.br\/vicente\/wp-json\/wp\/v2\/users\/22"}],"replies":[{"embeddable":true,"href":"https:\/\/blogs.correiobraziliense.com.br\/vicente\/wp-json\/wp\/v2\/comments?post=15025"}],"version-history":[{"count":3,"href":"https:\/\/blogs.correiobraziliense.com.br\/vicente\/wp-json\/wp\/v2\/posts\/15025\/revisions"}],"predecessor-version":[{"id":15029,"href":"https:\/\/blogs.correiobraziliense.com.br\/vicente\/wp-json\/wp\/v2\/posts\/15025\/revisions\/15029"}],"wp:featuredmedia":[{"embeddable":true,"href":"https:\/\/blogs.correiobraziliense.com.br\/vicente\/wp-json\/wp\/v2\/media\/15026"}],"wp:attachment":[{"href":"https:\/\/blogs.correiobraziliense.com.br\/vicente\/wp-json\/wp\/v2\/media?parent=15025"}],"wp:term":[{"taxonomy":"category","embeddable":true,"href":"https:\/\/blogs.correiobraziliense.com.br\/vicente\/wp-json\/wp\/v2\/categories?post=15025"},{"taxonomy":"post_tag","embeddable":true,"href":"https:\/\/blogs.correiobraziliense.com.br\/vicente\/wp-json\/wp\/v2\/tags?post=15025"}],"curies":[{"name":"wp","href":"https:\/\/api.w.org\/{rel}","templated":true}]}}