{"id":15012,"date":"2020-07-30T09:52:16","date_gmt":"2020-07-30T12:52:16","guid":{"rendered":"https:\/\/blogs.correiobraziliense.com.br\/vicente\/?p=15012"},"modified":"2020-07-30T17:54:14","modified_gmt":"2020-07-30T20:54:14","slug":"pib-dos-estados-unidos-desaba-329-no-segundo-trimestre","status":"publish","type":"post","link":"https:\/\/blogs.correiobraziliense.com.br\/vicente\/pib-dos-estados-unidos-desaba-329-no-segundo-trimestre\/","title":{"rendered":"PIB dos Estados Unidos desaba 32,9% no segundo trimestre"},"content":{"rendered":"<p>ROSANA HESSEL<\/p>\n<p>Depois de recuar 5% no primeiro trimestre em meio ao rastro de destrui\u00e7\u00e3o na economia global provocado pela covid-19, o Produto Interno Bruto (PIB) dos Estados Unidos desabou de 32,9% entre abril e junho de 2020, conforme estimativas preliminares do Bureau of Economic Analysis (BEA) norte-americano divulgadas nesta quinta-feira (30\/07).<\/p>\n<p>&nbsp;<\/p>\n<p>De acordo com o BEA, os dados preliminares do PIB s\u00e3o incompletos ou sujeitos a revis\u00e3o adicional pela ag\u00eancia. A &#8220;segunda&#8221; estimativa para o trimestre de abril a junho, com base em dados mais completos, ser\u00e1 divulgada em 27 de agosto de 2020. Os dados trimestrais s\u00e3o anualizados. Na compara\u00e7\u00e3o com o mesmo trimestre do ano anterior,\u00a0 queda foi de 9,5%.<\/p>\n<p>&nbsp;<\/p>\n<p>O BEA informou que o forte impacto da covid-19 na estimativa do PIB foi reflexo das medidas de confinamento da popula\u00e7\u00e3o entre mar\u00e7o e abril, quando as pessoas ficaram em casa e que acabaram parcialmente levantados entre maio e junho. &#8220;Isso\u00a0<span class=\"tlid-translation translation\" lang=\"pt\"><span class=\"\" title=\"\">levou a r\u00e1pidas mudan\u00e7as de atividade, pois as empresas e as escolas continuaram o trabalho remoto e os consumidores e as empresas cancelaram, restringiram ou redirecionaram seus gastos&#8221;, informou a nota do \u00f3rg\u00e3o.<\/span> <\/span><\/p>\n<p>&nbsp;<\/p>\n<p>Os dados preliminares do PIB da maior economia do planeta com uma retra\u00e7\u00e3o t\u00e3o expressiva pode botar um balde de \u00e1gua fria nas previs\u00f5es mais otimistas do mercado e que andaram ignorando o tamanho da crise provocada pela pandemia. Resta saber como ficar\u00e3o as previs\u00f5es para o PIB brasileiro do segundo trimestre que ser\u00e1 divulgado no in\u00edcio de setembro pelo Instituto Brasileiro de Geografia e Estat\u00edstica (IBGE) daqui para frente ap\u00f3s essa queda recorde no PIB norte-americano. O dado ficou levemente abaixo das estimativas do mercado, que previam recuo de 34,5%, conforme levantamento feito pela Bloomberg News.<\/p>\n<p>&nbsp;<\/p>\n<p>Dados do BEA a queda no PIB do segundo trimestre queda generalizada no consumo das fam\u00edlias, nas exporta\u00e7\u00f5es de bens de capitais, nos investimentos privados e na compra de casa pr\u00f3pria. O tombo nos gastos de consum, que \u00e9 o principal motor do PIB foi de 34,6% e os gastos em servi\u00e7os desabaram 43,5%. <span style=\"font-weight: 400\">O recuo no consumo pessoal\u00a0<\/span>foi liderado no setor de servi\u00e7os hospitalares a na compra de bens como roupas e cal\u00e7ados.\u00a0Os investimentos privados tiveram <span style=\"font-weight: 400\">recuaram 49%.\u00a0 <\/span><\/p>\n<p>&nbsp;<\/p>\n<p>O PIB nominal dos EUA, em d\u00f3lares, diminuiu 34,3%, ou US$ 2,15 trilh\u00f5es, no segundo trimestre, para um n\u00edvel de US$ 19,41 trilh\u00f5es. No primeiro trimestre, a redu\u00e7\u00e3o foi de 3,4%, ou US$ 186,3 bilh\u00f5es, conforme os dados do BEA.<\/p>\n<p>&nbsp;<\/p>\n<p>Veja abaixo a evolu\u00e7\u00e3o do PIB dos EUA:<\/p>\n<p><a href=\"https:\/\/blogs.correiobraziliense.com.br\/vicente\/wp-content\/uploads\/sites\/16\/2020\/07\/WhatsApp-Image-2020-07-30-at-09.53.51.jpeg\"><img loading=\"lazy\" decoding=\"async\" class=\"alignnone size-large wp-image-15014\" src=\"https:\/\/blogs.correiobraziliense.com.br\/vicente\/wp-content\/uploads\/sites\/16\/2020\/07\/WhatsApp-Image-2020-07-30-at-09.53.51-1024x473.jpeg\" alt=\"\" width=\"1024\" height=\"473\" \/><\/a><\/p>\n<p>&nbsp;<\/p>\n<p>&nbsp;<\/p>\n","protected":false},"excerpt":{"rendered":"<p>ROSANA HESSEL Depois de recuar 5% no primeiro trimestre em meio ao rastro de destrui\u00e7\u00e3o na economia global provocado pela covid-19, o Produto Interno Bruto (PIB) dos Estados Unidos desabou de 32,9% entre abril e junho de 2020, conforme estimativas preliminares do Bureau of Economic Analysis (BEA) norte-americano divulgadas nesta quinta-feira (30\/07). &nbsp; De acordo [&hellip;]<\/p>\n","protected":false},"author":22,"featured_media":0,"comment_status":"open","ping_status":"closed","sticky":false,"template":"","format":"standard","meta":{"footnotes":""},"categories":[600],"tags":[4771,363,58,31],"class_list":["post-15012","post","type-post","status-publish","format-standard","hentry","category-economia","tag-bea","tag-estados-unidos","tag-pib","tag-recessao"],"_links":{"self":[{"href":"https:\/\/blogs.correiobraziliense.com.br\/vicente\/wp-json\/wp\/v2\/posts\/15012","targetHints":{"allow":["GET"]}}],"collection":[{"href":"https:\/\/blogs.correiobraziliense.com.br\/vicente\/wp-json\/wp\/v2\/posts"}],"about":[{"href":"https:\/\/blogs.correiobraziliense.com.br\/vicente\/wp-json\/wp\/v2\/types\/post"}],"author":[{"embeddable":true,"href":"https:\/\/blogs.correiobraziliense.com.br\/vicente\/wp-json\/wp\/v2\/users\/22"}],"replies":[{"embeddable":true,"href":"https:\/\/blogs.correiobraziliense.com.br\/vicente\/wp-json\/wp\/v2\/comments?post=15012"}],"version-history":[{"count":11,"href":"https:\/\/blogs.correiobraziliense.com.br\/vicente\/wp-json\/wp\/v2\/posts\/15012\/revisions"}],"predecessor-version":[{"id":15024,"href":"https:\/\/blogs.correiobraziliense.com.br\/vicente\/wp-json\/wp\/v2\/posts\/15012\/revisions\/15024"}],"wp:attachment":[{"href":"https:\/\/blogs.correiobraziliense.com.br\/vicente\/wp-json\/wp\/v2\/media?parent=15012"}],"wp:term":[{"taxonomy":"category","embeddable":true,"href":"https:\/\/blogs.correiobraziliense.com.br\/vicente\/wp-json\/wp\/v2\/categories?post=15012"},{"taxonomy":"post_tag","embeddable":true,"href":"https:\/\/blogs.correiobraziliense.com.br\/vicente\/wp-json\/wp\/v2\/tags?post=15012"}],"curies":[{"name":"wp","href":"https:\/\/api.w.org\/{rel}","templated":true}]}}