{"id":15005,"date":"2020-07-29T16:01:38","date_gmt":"2020-07-29T19:01:38","guid":{"rendered":"https:\/\/blogs.correiobraziliense.com.br\/vicente\/?p=15005"},"modified":"2020-07-29T17:45:30","modified_gmt":"2020-07-29T20:45:30","slug":"rodrigo-maia-esta-mais-forte-do-que-imaginavamos-dizem-assessores-de-bolsonaro","status":"publish","type":"post","link":"https:\/\/blogs.correiobraziliense.com.br\/vicente\/rodrigo-maia-esta-mais-forte-do-que-imaginavamos-dizem-assessores-de-bolsonaro\/","title":{"rendered":"&#8220;Rodrigo Maia est\u00e1 mais forte do que imagin\u00e1vamos&#8221;, dizem assessores de Bolsonaro"},"content":{"rendered":"<h2>Depois da retumbante derrota do governo na vota\u00e7\u00e3o do Fundo de Manuten\u00e7\u00e3o e Desenvolvimento do Ensino Fundamental e de Valoriza\u00e7\u00e3o do Magist\u00e9rio (Fundeb) e do esfacelamento do Centr\u00e3o, com a sa\u00edda do DEM e do MDB do grupo fisiol\u00f3gico, assessores do presidente Jair Bolsonaro reconhecem que o &#8220;presidente da C\u00e2mara, Rodrigo Maia, est\u00e1 mais forte&#8221; do que o imaginado.<\/h2>\n<p>&nbsp;<\/p>\n<p>At\u00e9 h\u00e1 duas semanas, era quase consenso dentro do Pal\u00e1cio do Planalto que Maia havia perdido espa\u00e7o no comando dos deputados, uma vez que ele est\u00e1 a seis meses de deixar o cargo que lhe empodera. Um auxiliar do ministro da Economia, Paulo Guedes, chegou a dizer que &#8220;<a href=\"https:\/\/blogs.correiobraziliense.com.br\/vicente\/rodrigo-maia-e-quase-passado-diz-integrante-do-ministerio-da-economia-sobre-nova-cpmf\/\">Rodrigo Maia \u00e9 quase passado<\/a>&#8220;, referindo-se ao andamento da reforma tribut\u00e1ria e da proposta de volta da CPMF.<\/p>\n<p>&nbsp;<\/p>\n<p>Nos \u00faltimos dias, no entanto, ficou claro que o governo se precipitou ao prever o fim do poderio do presidente da C\u00e2mara. Mais: a partir de agora, haver\u00e1 um grande embate entre Maia e Bolsonaro sobre o futuro do comando da C\u00e2mara. Qualquer movimento errado do Planalto pode custar caro ao governo, como custou a Dilma Rousseff, quando ela decidiu apoiar um candidato contra o ent\u00e3o todo-poderoso Eduardo Cunha.<\/p>\n<p>&nbsp;<\/p>\n<p>Por enquanto, a ordem dentro do Planalo \u00e9 manter a calma e mapear todos os movimentos de Rodrigo Maia. Segundo assessores de Bolsonaro, n\u00e3o h\u00e1 espa\u00e7o para confronto neste momento. De qualquer forma, tamb\u00e9m n\u00e3o haver\u00e1 um abandono do deputado Arthur Lira, do PP, que vem atuando como interlocutor do Planalto com o Centr\u00e3o. Para Bolsonaro, \u00e9 melhor ter um enfraquecido Lira como aliado do que mais um independente.<\/p>\n<p>&nbsp;<\/p>\n<p>O resumo que se faz entre aliados de Bolsonaro no Planalto \u00e9 de que o governo cantou vit\u00f3ria antes da hora em rela\u00e7\u00e3o a Maia, que continuar\u00e1 dando as cartas na condu\u00e7\u00e3o da pauta da C\u00e2mara nos pr\u00f3ximos meses. Nesse contexto, o importante, para o entorno do presidente, \u00e9 manter uma rela\u00e7\u00e3o construtiva com o deputado e evitar qualquer bola fora nas negocia\u00e7\u00f5es sobre os rumos da presid\u00eancia da C\u00e2mara.<\/p>\n<p>&nbsp;<\/p>\n<p><em>Bras\u00edlia, 16h01min<\/em><\/p>\n","protected":false},"excerpt":{"rendered":"<p>Depois da retumbante derrota do governo na vota\u00e7\u00e3o do Fundo de Manuten\u00e7\u00e3o e Desenvolvimento do Ensino Fundamental e de Valoriza\u00e7\u00e3o do Magist\u00e9rio (Fundeb) e do esfacelamento do Centr\u00e3o, com a sa\u00edda do DEM e do MDB do grupo fisiol\u00f3gico, assessores do presidente Jair Bolsonaro reconhecem que o &#8220;presidente da C\u00e2mara, Rodrigo Maia, est\u00e1 mais forte&#8221; [&hellip;]<\/p>\n","protected":false},"author":22,"featured_media":11940,"comment_status":"open","ping_status":"closed","sticky":false,"template":"","format":"standard","meta":{"footnotes":""},"categories":[600],"tags":[4127,2554,134,659,3029,3012,2526,92,656],"class_list":["post-15005","post","type-post","status-publish","format-standard","has-post-thumbnail","hentry","category-economia","tag-arthur-lira","tag-bolsonaro","tag-camara","tag-centrao","tag-dem","tag-mdb","tag-poder","tag-presidencia","tag-rodrigo-maia"],"_links":{"self":[{"href":"https:\/\/blogs.correiobraziliense.com.br\/vicente\/wp-json\/wp\/v2\/posts\/15005","targetHints":{"allow":["GET"]}}],"collection":[{"href":"https:\/\/blogs.correiobraziliense.com.br\/vicente\/wp-json\/wp\/v2\/posts"}],"about":[{"href":"https:\/\/blogs.correiobraziliense.com.br\/vicente\/wp-json\/wp\/v2\/types\/post"}],"author":[{"embeddable":true,"href":"https:\/\/blogs.correiobraziliense.com.br\/vicente\/wp-json\/wp\/v2\/users\/22"}],"replies":[{"embeddable":true,"href":"https:\/\/blogs.correiobraziliense.com.br\/vicente\/wp-json\/wp\/v2\/comments?post=15005"}],"version-history":[{"count":1,"href":"https:\/\/blogs.correiobraziliense.com.br\/vicente\/wp-json\/wp\/v2\/posts\/15005\/revisions"}],"predecessor-version":[{"id":15007,"href":"https:\/\/blogs.correiobraziliense.com.br\/vicente\/wp-json\/wp\/v2\/posts\/15005\/revisions\/15007"}],"wp:featuredmedia":[{"embeddable":true,"href":"https:\/\/blogs.correiobraziliense.com.br\/vicente\/wp-json\/wp\/v2\/media\/11940"}],"wp:attachment":[{"href":"https:\/\/blogs.correiobraziliense.com.br\/vicente\/wp-json\/wp\/v2\/media?parent=15005"}],"wp:term":[{"taxonomy":"category","embeddable":true,"href":"https:\/\/blogs.correiobraziliense.com.br\/vicente\/wp-json\/wp\/v2\/categories?post=15005"},{"taxonomy":"post_tag","embeddable":true,"href":"https:\/\/blogs.correiobraziliense.com.br\/vicente\/wp-json\/wp\/v2\/tags?post=15005"}],"curies":[{"name":"wp","href":"https:\/\/api.w.org\/{rel}","templated":true}]}}