{"id":14962,"date":"2020-07-27T19:29:14","date_gmt":"2020-07-27T22:29:14","guid":{"rendered":"https:\/\/blogs.correiobraziliense.com.br\/vicente\/?p=14962"},"modified":"2020-07-27T19:53:12","modified_gmt":"2020-07-27T22:53:12","slug":"direcao-do-banco-do-brasil-sofre-derrota-na-previ-com-vitoria-da-chapa-1","status":"publish","type":"post","link":"https:\/\/blogs.correiobraziliense.com.br\/vicente\/direcao-do-banco-do-brasil-sofre-derrota-na-previ-com-vitoria-da-chapa-1\/","title":{"rendered":"Dire\u00e7\u00e3o do Banco do Brasil sofre derrota na Previ com vit\u00f3ria da chapa 1"},"content":{"rendered":"<h2>A dire\u00e7\u00e3o do Banco do Brasil foi derrotada na disputa por vagas em uma diretoria e em quatro conselhos da Previ, o poderoso fundo de pens\u00e3o dos empregados da institui\u00e7\u00e3o financeira. Com 58,14% dos votos, foi eleita a chapa 1, justamente \u00e0 que faz mais oposi\u00e7\u00e3o ao atual comando do BB.<\/h2>\n<p>&nbsp;<\/p>\n<p>Ressalte-se que, normalmente, a dire\u00e7\u00e3o do Banco do Brasil n\u00e3o se envolve diretamente na briga por cargos na Previ. Mas, indiretamente, emite sinais sobre para qual lado est\u00e1 pendendo. Diante da rejei\u00e7\u00e3o dos funcion\u00e1rios da institui\u00e7\u00e3o pela gest\u00e3o de Rubem Novaes, que renunciou \u00e0 presid\u00eancia do BB, o resultado n\u00e3o poderia ser diferente.<\/p>\n<p>&nbsp;<\/p>\n<p>Veja os nome dos eleitos e os respectivas cargos:<\/p>\n<p>&nbsp;<\/p>\n<p><strong>Conselho Deliberativo<\/strong><br \/>\nTitular: Ernesto Shuji Izumi<br \/>\nSuplente: F\u00e1bio Santana Santos Ledo<\/p>\n<p>Titular: Carlos Alberto Guimar\u00e3es de Sousa<br \/>\nSuplente: Odali Dias Cardoso<\/p>\n<p><strong>Conselho Fiscal<\/strong><br \/>\nTitular: Jos\u00e9 Eduardo Rodrigues Marinho<br \/>\nSuplente: Rene Nunes dos Santos<\/p>\n<p><strong>Diretor de Seguridade<\/strong><br \/>\nWagner de Sousa Nascimento<\/p>\n<p><strong>Conselho Consultivo do Plano de Benef\u00edcios 1<\/strong><br \/>\nTitular: Miriam Cleusa Fochi<br \/>\nSuplente: Rita de C\u00e1ssia de Oliveira Mota<\/p>\n<p><strong>Conselho Consultivo do Plano de Benef\u00edcios PREVI Futuro<\/strong><br \/>\nTitular: Maria Cristina Vieira dos Santos<br \/>\nSuplente: T\u00e2nia Dalmau Leyva<\/p>\n<p>&nbsp;<\/p>\n<p><strong>Confira o placar da vota\u00e7\u00e3o:<\/strong><\/p>\n<p>Chapa 1: 64.886 votos, 68,14%<\/p>\n<p>Chapa 2: 30.948 votos, 27,73%<\/p>\n<p>Brancos: 5.978 votos, 5,39%<\/p>\n<p>Nulos: 9.787 votos, 8,77%<\/p>\n<p>Total de votantes: 111.585<\/p>\n<p>&nbsp;<\/p>\n<p>A elei\u00e7\u00e3o na Previ ocorreu em meio \u00e0 grande expectativa sobre o futuro presidente do Banco do Brasil. O ministro da Economia, Paulo Guedes, esteve nesta segunda-feira (27\/07) com o presidente Jair Bolsonaro para definir o sucessor de Rubem Novaes. Nada, por\u00e9m, foi fechado.<\/p>\n<p>&nbsp;<\/p>\n<p>Inicialmente, Guedes havia optado por uma solu\u00e7\u00e3o caseira, puxando um dos vice-presidentes para o posto mais alto da cadeia de comando do BB. Mas, agora, o ministro pretende buscar algu\u00e9m no mercado para dar sinais de que continua tendo apoio do setor privado.<\/p>\n<p>&nbsp;<\/p>\n<p>Pelo comunicado enviado \u00e0 Comiss\u00e3o de Valores Mobili\u00e1rios (CVM), Rubem Novaes dever\u00e1 se desligar efetivamente da presid\u00eancia do Banco do Brasil at\u00e9 o fim desta semana. Ele continuar\u00e1 no governo como assessor especial de Paulo Guedes.<\/p>\n<p>&nbsp;<\/p>\n<p><em>Bras\u00edlia, 19h29min<\/em><\/p>\n","protected":false},"excerpt":{"rendered":"<p>A dire\u00e7\u00e3o do Banco do Brasil foi derrotada na disputa por vagas em uma diretoria e em quatro conselhos da Previ, o poderoso fundo de pens\u00e3o dos empregados da institui\u00e7\u00e3o financeira. Com 58,14% dos votos, foi eleita a chapa 1, justamente \u00e0 que faz mais oposi\u00e7\u00e3o ao atual comando do BB. &nbsp; Ressalte-se que, normalmente, [&hellip;]<\/p>\n","protected":false},"author":22,"featured_media":11442,"comment_status":"open","ping_status":"closed","sticky":false,"template":"","format":"standard","meta":{"footnotes":""},"categories":[600],"tags":[229,1373,3815,4759,3119,665,377,4029],"class_list":["post-14962","post","type-post","status-publish","format-standard","has-post-thumbnail","hentry","category-economia","tag-banco-do-brasil","tag-bb","tag-conselho","tag-direcao","tag-diretoria","tag-eleicoes","tag-previ","tag-rubem-novaes"],"_links":{"self":[{"href":"https:\/\/blogs.correiobraziliense.com.br\/vicente\/wp-json\/wp\/v2\/posts\/14962","targetHints":{"allow":["GET"]}}],"collection":[{"href":"https:\/\/blogs.correiobraziliense.com.br\/vicente\/wp-json\/wp\/v2\/posts"}],"about":[{"href":"https:\/\/blogs.correiobraziliense.com.br\/vicente\/wp-json\/wp\/v2\/types\/post"}],"author":[{"embeddable":true,"href":"https:\/\/blogs.correiobraziliense.com.br\/vicente\/wp-json\/wp\/v2\/users\/22"}],"replies":[{"embeddable":true,"href":"https:\/\/blogs.correiobraziliense.com.br\/vicente\/wp-json\/wp\/v2\/comments?post=14962"}],"version-history":[{"count":2,"href":"https:\/\/blogs.correiobraziliense.com.br\/vicente\/wp-json\/wp\/v2\/posts\/14962\/revisions"}],"predecessor-version":[{"id":14964,"href":"https:\/\/blogs.correiobraziliense.com.br\/vicente\/wp-json\/wp\/v2\/posts\/14962\/revisions\/14964"}],"wp:featuredmedia":[{"embeddable":true,"href":"https:\/\/blogs.correiobraziliense.com.br\/vicente\/wp-json\/wp\/v2\/media\/11442"}],"wp:attachment":[{"href":"https:\/\/blogs.correiobraziliense.com.br\/vicente\/wp-json\/wp\/v2\/media?parent=14962"}],"wp:term":[{"taxonomy":"category","embeddable":true,"href":"https:\/\/blogs.correiobraziliense.com.br\/vicente\/wp-json\/wp\/v2\/categories?post=14962"},{"taxonomy":"post_tag","embeddable":true,"href":"https:\/\/blogs.correiobraziliense.com.br\/vicente\/wp-json\/wp\/v2\/tags?post=14962"}],"curies":[{"name":"wp","href":"https:\/\/api.w.org\/{rel}","templated":true}]}}