{"id":14950,"date":"2020-07-27T16:01:19","date_gmt":"2020-07-27T19:01:19","guid":{"rendered":"https:\/\/blogs.correiobraziliense.com.br\/vicente\/?p=14950"},"modified":"2020-07-27T18:23:14","modified_gmt":"2020-07-27T21:23:14","slug":"diante-de-debandada-da-equipe-guedes-quer-nome-do-mercado-para-o-bb-para-mostrar-forca","status":"publish","type":"post","link":"https:\/\/blogs.correiobraziliense.com.br\/vicente\/diante-de-debandada-da-equipe-guedes-quer-nome-do-mercado-para-o-bb-para-mostrar-forca\/","title":{"rendered":"Diante de debandada da equipe, Guedes quer nome do mercado para o BB para mostrar for\u00e7a"},"content":{"rendered":"<h2>A despeito de n\u00e3o descartar uma solu\u00e7\u00e3o caseira para a presid\u00eancia do Banco do Brasil, o ministro da Economia, Paulo Guedes, pretende buscar algu\u00e9m de mercado para mostrar que continua com prest\u00edgio no setor privado. Guedes est\u00e1 incomodado com a debandada de integrantes de sua equipe.<\/h2>\n<p>&nbsp;<\/p>\n<p>A busca por um nome do mercado para substituir <a href=\"https:\/\/blogs.correiobraziliense.com.br\/vicente\/rubem-novaes-cai-da-presidencia-do-banco-do-brasil\/\">Rubem Novaes, que renunciou \u00e0 presid\u00eancia do Banco do Brasil<\/a> na \u00faltima sexta-feira (24\/07), Guedes j\u00e1 tem o aval do presidente Jair Bolsonaro, com quem se reuniu nesta segunda-feira (27\/07). A meta \u00e9 resolver o imbr\u00f3glio no BB o mais rapidamente poss\u00edvel.<\/p>\n<p>&nbsp;<\/p>\n<p>J\u00e1 deixaram a equipe de Guedes Mansueto Almeida, que comandava o Tesouro Nacional; Rubem Novaes, do BB; e Caio Megale, assessor especial do Minist\u00e9rio da Economia. Ele ficar\u00e1 na fun\u00e7\u00e3o somente neste semana. Voltar\u00e1 ao setor privado.<\/p>\n<p>&nbsp;<\/p>\n<p><strong>Desafios do novo presidente do BB<\/strong><\/p>\n<p>&nbsp;<\/p>\n<p>Quem assumir o comando do Banco do Brasil ter\u00e1, no entanto, que tocar uma s\u00e9rie de demandas do governo, entre elas, ampliar a oferta de cr\u00e9dito. No Pal\u00e1cio do Planalto, \u00e9 grande o inconformismo em rela\u00e7\u00e3o \u00e0 gest\u00e3o de Novaes, que n\u00e3o teria entendido a miss\u00e3o do BB em meio \u00e0 mais brutal recess\u00e3o de hist\u00f3ria do pa\u00eds.<\/p>\n<p>&nbsp;<\/p>\n<p>Novaes foi cobrado, v\u00e1rias vezes, para incrementar a libera\u00e7\u00e3o de empr\u00e9stimos e financiamentos, mas n\u00e3o conseguiu atender aos apelos, at\u00e9 porque, na vis\u00e3o de integrantes do Planalto, nunca foi um grande executivo. Na verdade, \u00e9 um bom assessor, fun\u00e7\u00e3o que, agora, passar\u00e1 a exercer, como acertado com Guedes.<\/p>\n<p>&nbsp;<\/p>\n<p>Resta saber se o convidado por Guedes est\u00e1 disposto a lidar com a cobran\u00e7a vinda do governo e a compara\u00e7\u00e3o com o presidente da Caixa Econ\u00f4mica Federal, Pedro Guimar\u00e3es \u2014 que negou ter interesse em ir para o BB \u2014, e, ao mesmo tempo, atender os acionistas privados, uma vez que o Banco do Brasil tem a\u00e7\u00f5es negociadas em Bolsa de Valores e deve apresentar bons resultados.<\/p>\n<p>&nbsp;<\/p>\n<p>Por isso, n\u00e3o se descarta a possibilidade de, diante de negativas de agentes do mercado, Guedes recorrer a <a href=\"https:\/\/blogs.correiobraziliense.com.br\/vicente\/pedro-guimaraes-carlos-hamilton-walter-malieni-e-carlos-motta-na-disputa-pelo-comando-do-bb\/\">uma sa\u00edda caseira<\/a>. Nesse caso, os principais cotados s\u00e3o os vices-presidentes\u00a0Carlos Hamilton (Gest\u00e3o Financeira e Rela\u00e7\u00f5es com Investidores), Walter Malieni (Neg\u00f3cios de Atacado), Carlos Motta (Varejo) e Mauro Ribeiro Neto (Corporativo).<\/p>\n<p>&nbsp;<\/p>\n<p><em>Bras\u00edlia 16h01min<\/em><\/p>\n","protected":false},"excerpt":{"rendered":"<p>A despeito de n\u00e3o descartar uma solu\u00e7\u00e3o caseira para a presid\u00eancia do Banco do Brasil, o ministro da Economia, Paulo Guedes, pretende buscar algu\u00e9m de mercado para mostrar que continua com prest\u00edgio no setor privado. Guedes est\u00e1 incomodado com a debandada de integrantes de sua equipe. &nbsp; A busca por um nome do mercado para [&hellip;]<\/p>\n","protected":false},"author":22,"featured_media":11457,"comment_status":"open","ping_status":"closed","sticky":false,"template":"","format":"standard","meta":{"footnotes":""},"categories":[600],"tags":[229,1373,4758,360,3613,4029],"class_list":["post-14950","post","type-post","status-publish","format-standard","has-post-thumbnail","hentry","category-economia","tag-banco-do-brasil","tag-bb","tag-debandada","tag-equipe-economica","tag-paulo-guedes","tag-rubem-novaes"],"_links":{"self":[{"href":"https:\/\/blogs.correiobraziliense.com.br\/vicente\/wp-json\/wp\/v2\/posts\/14950","targetHints":{"allow":["GET"]}}],"collection":[{"href":"https:\/\/blogs.correiobraziliense.com.br\/vicente\/wp-json\/wp\/v2\/posts"}],"about":[{"href":"https:\/\/blogs.correiobraziliense.com.br\/vicente\/wp-json\/wp\/v2\/types\/post"}],"author":[{"embeddable":true,"href":"https:\/\/blogs.correiobraziliense.com.br\/vicente\/wp-json\/wp\/v2\/users\/22"}],"replies":[{"embeddable":true,"href":"https:\/\/blogs.correiobraziliense.com.br\/vicente\/wp-json\/wp\/v2\/comments?post=14950"}],"version-history":[{"count":10,"href":"https:\/\/blogs.correiobraziliense.com.br\/vicente\/wp-json\/wp\/v2\/posts\/14950\/revisions"}],"predecessor-version":[{"id":14960,"href":"https:\/\/blogs.correiobraziliense.com.br\/vicente\/wp-json\/wp\/v2\/posts\/14950\/revisions\/14960"}],"wp:featuredmedia":[{"embeddable":true,"href":"https:\/\/blogs.correiobraziliense.com.br\/vicente\/wp-json\/wp\/v2\/media\/11457"}],"wp:attachment":[{"href":"https:\/\/blogs.correiobraziliense.com.br\/vicente\/wp-json\/wp\/v2\/media?parent=14950"}],"wp:term":[{"taxonomy":"category","embeddable":true,"href":"https:\/\/blogs.correiobraziliense.com.br\/vicente\/wp-json\/wp\/v2\/categories?post=14950"},{"taxonomy":"post_tag","embeddable":true,"href":"https:\/\/blogs.correiobraziliense.com.br\/vicente\/wp-json\/wp\/v2\/tags?post=14950"}],"curies":[{"name":"wp","href":"https:\/\/api.w.org\/{rel}","templated":true}]}}