{"id":14947,"date":"2020-07-27T15:15:20","date_gmt":"2020-07-27T18:15:20","guid":{"rendered":"https:\/\/blogs.correiobraziliense.com.br\/vicente\/?p=14947"},"modified":"2020-07-27T19:18:35","modified_gmt":"2020-07-27T22:18:35","slug":"cotado-para-a-presidencia-do-banco-do-brasil-carlos-hamilton-teve-duro-embate-com-dilma","status":"publish","type":"post","link":"https:\/\/blogs.correiobraziliense.com.br\/vicente\/cotado-para-a-presidencia-do-banco-do-brasil-carlos-hamilton-teve-duro-embate-com-dilma\/","title":{"rendered":"Cotado para a presid\u00eancia do Banco do Brasil, Carlos Hamilton teve duro embate com Dilma"},"content":{"rendered":"<h2>Um dos nomes mais fortes <a href=\"https:\/\/blogs.correiobraziliense.com.br\/vicente\/pedro-guimaraes-carlos-hamilton-walter-malieni-e-carlos-motta-na-disputa-pelo-comando-do-bb\/\">para assumir a presid\u00eancia do Banco do Brasil<\/a>, o vice-presidente de Gest\u00e3o Financeira e de Rela\u00e7\u00f5es com Investidores da institui\u00e7\u00e3o financeira, Carlos Hamilton, teve um duro embate com Dilma Rousseff quando foi diretor de Pol\u00edtica Econ\u00f4mica do Banco Central no governo da petista.<\/h2>\n<p>&nbsp;<\/p>\n<p>Em uma viagem a Durban, \u00c1frica do Sul, no fim de mar\u00e7o de 2013, a ent\u00e3o presidente da Rep\u00fablica atacou a postura ortodoxa de Hamilton em rela\u00e7\u00e3o ao controle da infla\u00e7\u00e3o. Num discurso claramente direcionado ao BC, Dilma disse n\u00e3o acreditar &#8220;em pol\u00edticas de combate \u00e0 infla\u00e7\u00e3o que olhem a redu\u00e7\u00e3o do crescimento econ\u00f4mico&#8221;.<\/p>\n<p>&nbsp;<\/p>\n<p>Naquele momento, o discurso encabe\u00e7ado por Hamilton era o de que o Banco Central estava disposto a subir a taxa b\u00e1sica de juros (Selic) mais rapidamente para conter a escalada inflacion\u00e1ria, mesmo que isso resultasse em crescimento menor do Produto Interno Bruto (PIB) em um per\u00edodo de tempo.<\/p>\n<p>&nbsp;<\/p>\n<p>Logo ap\u00f3s a declara\u00e7\u00e3o de Dilma na \u00c1frica do Sul, Hamilton rebateu a chefe: &#8220;A experi\u00eancia internacional e a teoria econ\u00f4mica apontam infla\u00e7\u00e3o baixa e est\u00e1vel como pr\u00e9-condi\u00e7\u00e3o para o crescimento sustent\u00e1vel&#8221;. O ent\u00e3o diretor do BC ficou t\u00e3o mexido com o embate que <a href=\"https:\/\/www.correiobraziliense.com.br\/app\/noticia\/economia\/2013\/06\/12\/internas_economia,370954\/dois-pedidos-de-demissao-abalam-a-estrutura-do-banco-central.shtml\">chegou a pedir demiss\u00e3o do cargo, que n\u00e3o foi aceito<\/a>.<\/p>\n<p>&nbsp;<\/p>\n<p><strong>Hamilton pronto para todas as miss\u00f5es<\/strong><\/p>\n<p>&nbsp;<\/p>\n<p>A amigos muito pr\u00f3ximos, Carlos Hamilton diz que est\u00e1 pronto para assumir qualquer miss\u00e3o dentro do Banco do Brasil. Mas ressalta que n\u00e3o far\u00e1 nenhum movimento para se fortalecer na disputa \u00e0 <a href=\"https:\/\/blogs.correiobraziliense.com.br\/vicente\/rubem-novaes-cai-da-presidencia-do-banco-do-brasil\/\">sucess\u00e3o de Rubem Novaes<\/a>, que renunciou \u00e0 presidente do BB na \u00faltima sexta-feira (24\/07).<\/p>\n<p>&nbsp;<\/p>\n<p>A determina\u00e7\u00e3o do ministro da Economia, Paulo Guedes, \u00e9 resolver a quest\u00e3o do Banco do Brasil ainda nesta semana. Ele esteve nesta segunda-feira (27\/07) com o presidente Jair Bolsonaro para tentar fechar um nome para o comando da institui\u00e7\u00e3o que, ao mesmo tempo, agrade o governo e o mercado. O BB \u00e9 uma empresa de capital aberto, com a\u00e7\u00f5es negociadas em Bolsa de Valores.<\/p>\n<p>&nbsp;<\/p>\n<p>Al\u00e9m de Carlos Hamilton, tr\u00eas outros vice-presidentes do BB est\u00e3o no p\u00e1reo para comandar a institui\u00e7\u00e3o:\u00a0Walter Malieni (Neg\u00f3cios de Atacado), Carlos Motta (Varejo) e Mauro Ribeiro Neto (Corporativo) \u2014 ele \u00e9 o preferido de Rubem Novaes, de quem era bra\u00e7o direito.<\/p>\n<p>&nbsp;<\/p>\n<p>Guedes descartou, por ora, o nome de H\u00e9lio Magalh\u00e3es para o cargo, porque o considera estrat\u00e9gico na fun\u00e7\u00e3o que est\u00e1 hoje, de presidente do conselho de administra\u00e7\u00e3o do Banco do Brasil. Magalh\u00e3es j\u00e1 foi presidente do Citibank no Brasil.<\/p>\n<p>&nbsp;<\/p>\n<p><em>Bras\u00edlia, 15h15min<\/em><\/p>\n","protected":false},"excerpt":{"rendered":"<p>Um dos nomes mais fortes para assumir a presid\u00eancia do Banco do Brasil, o vice-presidente de Gest\u00e3o Financeira e de Rela\u00e7\u00f5es com Investidores da institui\u00e7\u00e3o financeira, Carlos Hamilton, teve um duro embate com Dilma Rousseff quando foi diretor de Pol\u00edtica Econ\u00f4mica do Banco Central no governo da petista. &nbsp; Em uma viagem a Durban, \u00c1frica [&hellip;]<\/p>\n","protected":false},"author":22,"featured_media":14948,"comment_status":"open","ping_status":"closed","sticky":false,"template":"","format":"standard","meta":{"footnotes":""},"categories":[600],"tags":[229,2554,1015,11,4757,3616,14,4,4029],"class_list":["post-14947","post","type-post","status-publish","format-standard","has-post-thumbnail","hentry","category-economia","tag-banco-do-brasil","tag-bolsonaro","tag-carlos-hamilton","tag-dilma-rousseff","tag-embate","tag-guedes","tag-inflacao","tag-juros","tag-rubem-novaes"],"_links":{"self":[{"href":"https:\/\/blogs.correiobraziliense.com.br\/vicente\/wp-json\/wp\/v2\/posts\/14947","targetHints":{"allow":["GET"]}}],"collection":[{"href":"https:\/\/blogs.correiobraziliense.com.br\/vicente\/wp-json\/wp\/v2\/posts"}],"about":[{"href":"https:\/\/blogs.correiobraziliense.com.br\/vicente\/wp-json\/wp\/v2\/types\/post"}],"author":[{"embeddable":true,"href":"https:\/\/blogs.correiobraziliense.com.br\/vicente\/wp-json\/wp\/v2\/users\/22"}],"replies":[{"embeddable":true,"href":"https:\/\/blogs.correiobraziliense.com.br\/vicente\/wp-json\/wp\/v2\/comments?post=14947"}],"version-history":[{"count":2,"href":"https:\/\/blogs.correiobraziliense.com.br\/vicente\/wp-json\/wp\/v2\/posts\/14947\/revisions"}],"predecessor-version":[{"id":14961,"href":"https:\/\/blogs.correiobraziliense.com.br\/vicente\/wp-json\/wp\/v2\/posts\/14947\/revisions\/14961"}],"wp:featuredmedia":[{"embeddable":true,"href":"https:\/\/blogs.correiobraziliense.com.br\/vicente\/wp-json\/wp\/v2\/media\/14948"}],"wp:attachment":[{"href":"https:\/\/blogs.correiobraziliense.com.br\/vicente\/wp-json\/wp\/v2\/media?parent=14947"}],"wp:term":[{"taxonomy":"category","embeddable":true,"href":"https:\/\/blogs.correiobraziliense.com.br\/vicente\/wp-json\/wp\/v2\/categories?post=14947"},{"taxonomy":"post_tag","embeddable":true,"href":"https:\/\/blogs.correiobraziliense.com.br\/vicente\/wp-json\/wp\/v2\/tags?post=14947"}],"curies":[{"name":"wp","href":"https:\/\/api.w.org\/{rel}","templated":true}]}}