{"id":14936,"date":"2020-07-24T20:17:14","date_gmt":"2020-07-24T23:17:14","guid":{"rendered":"https:\/\/blogs.correiobraziliense.com.br\/vicente\/?p=14936"},"modified":"2020-07-24T21:54:30","modified_gmt":"2020-07-25T00:54:30","slug":"pedido-de-renuncia-do-presidente-do-bb-ao-ministro-foi-feito-ha-um-mes","status":"publish","type":"post","link":"https:\/\/blogs.correiobraziliense.com.br\/vicente\/pedido-de-renuncia-do-presidente-do-bb-ao-ministro-foi-feito-ha-um-mes\/","title":{"rendered":"Pedido de ren\u00fancia do presidente do BB foi feito h\u00e1 um m\u00eas ao ministro"},"content":{"rendered":"<h2><span style=\"font-weight: 400\">ROSANA HESSEL<\/span><\/h2>\n<h2><\/h2>\n<h2><span style=\"font-weight: 400\">Apesar de integrantes da equipe econ\u00f4mica admitirem que foram pegos de surpresa com o pedido de ren\u00fancia do presidente Rubem Novaes, na noite desta sexta-feira (24\/07), fontes pr\u00f3ximas ao ministro da Economia Paulo Guedes informaram que o pedido de ren\u00fancia foi feito &#8220;h\u00e1 um m\u00eas&#8221;.\u00a0<\/span><\/h2>\n<p>&nbsp;<\/p>\n<p><span style=\"font-weight: 400\">A libera\u00e7\u00e3o foi \u201cum pedido de anivers\u00e1rio\u201d, porque Novaes queria voltar para casa.\u00a0\u00a0<\/span><span style=\"font-weight: 400\">O presidente do BB ficar\u00e1 no cargo at\u00e9 agosto, conforme fato relevante enviado pelo banco \u00e0 Comiss\u00e3o de Valores Mobili\u00e1rios (CVM).\u00a0<\/span><\/p>\n<p>&nbsp;<\/p>\n<p><span style=\"font-weight: 400\">A<\/span><span style=\"font-weight: 400\">ssim como Guedes, Novaes passou pela Universidade de Chicago, ber\u00e7o do neoliberalismo econ\u00f4mico, e os dois s\u00e3o muito amigos.\u00a0<\/span><span style=\"font-weight: 400\">O economista era um grande defensor da privatiza\u00e7\u00e3o do BB, algo que o presidente Jair Bolsonaro descartou desde o in\u00edcio do governo.\u00a0\u00a0<\/span><\/p>\n<p>&nbsp;<\/p>\n<p><span style=\"font-weight: 400\">Novaes <\/span><span style=\"font-weight: 400\">continuar\u00e1 na equipe e dever\u00e1 ser assessor especial do ministro, &#8220;ajudando o time do Rio de Janeiro&#8221;.\u00a0 <\/span><\/p>\n<p>&nbsp;<\/p>\n<p>A disputa para comandar o mais antigo banco do pa\u00eds j\u00e1 come\u00e7ou, como informou o <strong>Blog<\/strong> e, entre os nomes cogitados est\u00e3o o do ex-diretor do Banco Central Carlos Hamilton e o presidente da Caixa, Pedro Guimar\u00e3es.<\/p>\n","protected":false},"excerpt":{"rendered":"<p>ROSANA HESSEL Apesar de integrantes da equipe econ\u00f4mica admitirem que foram pegos de surpresa com o pedido de ren\u00fancia do presidente Rubem Novaes, na noite desta sexta-feira (24\/07), fontes pr\u00f3ximas ao ministro da Economia Paulo Guedes informaram que o pedido de ren\u00fancia foi feito &#8220;h\u00e1 um m\u00eas&#8221;.\u00a0 &nbsp; A libera\u00e7\u00e3o foi \u201cum pedido de anivers\u00e1rio\u201d, [&hellip;]<\/p>\n","protected":false},"author":22,"featured_media":11442,"comment_status":"open","ping_status":"closed","sticky":false,"template":"","format":"standard","meta":{"footnotes":""},"categories":[600],"tags":[229,3613,590,4029],"class_list":["post-14936","post","type-post","status-publish","format-standard","has-post-thumbnail","hentry","category-economia","tag-banco-do-brasil","tag-paulo-guedes","tag-renuncia","tag-rubem-novaes"],"_links":{"self":[{"href":"https:\/\/blogs.correiobraziliense.com.br\/vicente\/wp-json\/wp\/v2\/posts\/14936","targetHints":{"allow":["GET"]}}],"collection":[{"href":"https:\/\/blogs.correiobraziliense.com.br\/vicente\/wp-json\/wp\/v2\/posts"}],"about":[{"href":"https:\/\/blogs.correiobraziliense.com.br\/vicente\/wp-json\/wp\/v2\/types\/post"}],"author":[{"embeddable":true,"href":"https:\/\/blogs.correiobraziliense.com.br\/vicente\/wp-json\/wp\/v2\/users\/22"}],"replies":[{"embeddable":true,"href":"https:\/\/blogs.correiobraziliense.com.br\/vicente\/wp-json\/wp\/v2\/comments?post=14936"}],"version-history":[{"count":4,"href":"https:\/\/blogs.correiobraziliense.com.br\/vicente\/wp-json\/wp\/v2\/posts\/14936\/revisions"}],"predecessor-version":[{"id":14945,"href":"https:\/\/blogs.correiobraziliense.com.br\/vicente\/wp-json\/wp\/v2\/posts\/14936\/revisions\/14945"}],"wp:featuredmedia":[{"embeddable":true,"href":"https:\/\/blogs.correiobraziliense.com.br\/vicente\/wp-json\/wp\/v2\/media\/11442"}],"wp:attachment":[{"href":"https:\/\/blogs.correiobraziliense.com.br\/vicente\/wp-json\/wp\/v2\/media?parent=14936"}],"wp:term":[{"taxonomy":"category","embeddable":true,"href":"https:\/\/blogs.correiobraziliense.com.br\/vicente\/wp-json\/wp\/v2\/categories?post=14936"},{"taxonomy":"post_tag","embeddable":true,"href":"https:\/\/blogs.correiobraziliense.com.br\/vicente\/wp-json\/wp\/v2\/tags?post=14936"}],"curies":[{"name":"wp","href":"https:\/\/api.w.org\/{rel}","templated":true}]}}