{"id":14933,"date":"2020-07-24T19:33:08","date_gmt":"2020-07-24T22:33:08","guid":{"rendered":"https:\/\/blogs.correiobraziliense.com.br\/vicente\/?p=14933"},"modified":"2020-07-24T20:51:30","modified_gmt":"2020-07-24T23:51:30","slug":"pedro-guimaraes-carlos-hamilton-walter-malieni-e-carlos-motta-na-disputa-pelo-comando-do-bb","status":"publish","type":"post","link":"https:\/\/blogs.correiobraziliense.com.br\/vicente\/pedro-guimaraes-carlos-hamilton-walter-malieni-e-carlos-motta-na-disputa-pelo-comando-do-bb\/","title":{"rendered":"Pedro Guimar\u00e3es, Carlos Hamilton, Walter Malieni e Carlos Motta na disputa pelo comando do BB"},"content":{"rendered":"<h2>Rubem Novaes nem bem anunciou sua <a href=\"https:\/\/blogs.correiobraziliense.com.br\/vicente\/rubem-novaes-cai-da-presidencia-do-banco-do-brasil\/\">ren\u00fancia \u00e0 presid\u00eancia do Banco do Brasil<\/a>, e a disputa pelo cargo j\u00e1 come\u00e7ou em Bras\u00edlia.<\/h2>\n<p>&nbsp;<\/p>\n<p>T\u00e3o logo o comunicado da queda de Novaes chegou \u00e0 Comiss\u00e3o de Valores Mobili\u00e1rios (CVM), quatro nomes surgiram no p\u00e1reo.<\/p>\n<p>&nbsp;<\/p>\n<p>O primeiro, que tem forte apelo no Pal\u00e1cio do Planalto, \u00e9 o do presidente da Caixa Econ\u00f4mica Federal, Pedro Guimar\u00e3es, xod\u00f3 do presidente Jair Bolsonaro.<\/p>\n<p>&nbsp;<\/p>\n<p>Outros tr\u00eas seria solu\u00e7\u00e3o caseira, pois s\u00e3o vice-presidentes do Banco do Brasil: Carlos Hamilton (Gest\u00e3o Financeira e Rela\u00e7\u00e3o com Investidores), Walter Malieni (Neg\u00f3cios de Atacado) e Carlos Motta (Varejo).<\/p>\n<p>&nbsp;<\/p>\n<p>Nada impede, por\u00e9m, que Guedes, em acordo com Bolsonaro, leve para o BB algu\u00e9m do mercado. Nesse caso, um caminho mais f\u00e1cil seria aproveitar H\u00e9lio Magalh\u00e3es, hoje presidente do Conselho de Administra\u00e7\u00e3o do Banco do Brasil, que foi presidente do Citibank no pa\u00eds.<\/p>\n<p>&nbsp;<\/p>\n<p><em>Bras\u00edlia, 19h33min<\/em><\/p>\n","protected":false},"excerpt":{"rendered":"<p>Rubem Novaes nem bem anunciou sua ren\u00fancia \u00e0 presid\u00eancia do Banco do Brasil, e a disputa pelo cargo j\u00e1 come\u00e7ou em Bras\u00edlia. &nbsp; T\u00e3o logo o comunicado da queda de Novaes chegou \u00e0 Comiss\u00e3o de Valores Mobili\u00e1rios (CVM), quatro nomes surgiram no p\u00e1reo. &nbsp; O primeiro, que tem forte apelo no Pal\u00e1cio do Planalto, \u00e9 [&hellip;]<\/p>\n","protected":false},"author":22,"featured_media":11457,"comment_status":"open","ping_status":"closed","sticky":false,"template":"","format":"standard","meta":{"footnotes":""},"categories":[600],"tags":[229,1015,4756,4536,4029,4755],"class_list":["post-14933","post","type-post","status-publish","format-standard","has-post-thumbnail","hentry","category-economia","tag-banco-do-brasil","tag-carlos-hamilton","tag-carlos-motta","tag-pedro-guimaraes","tag-rubem-novaes","tag-walter-malieni"],"_links":{"self":[{"href":"https:\/\/blogs.correiobraziliense.com.br\/vicente\/wp-json\/wp\/v2\/posts\/14933","targetHints":{"allow":["GET"]}}],"collection":[{"href":"https:\/\/blogs.correiobraziliense.com.br\/vicente\/wp-json\/wp\/v2\/posts"}],"about":[{"href":"https:\/\/blogs.correiobraziliense.com.br\/vicente\/wp-json\/wp\/v2\/types\/post"}],"author":[{"embeddable":true,"href":"https:\/\/blogs.correiobraziliense.com.br\/vicente\/wp-json\/wp\/v2\/users\/22"}],"replies":[{"embeddable":true,"href":"https:\/\/blogs.correiobraziliense.com.br\/vicente\/wp-json\/wp\/v2\/comments?post=14933"}],"version-history":[{"count":4,"href":"https:\/\/blogs.correiobraziliense.com.br\/vicente\/wp-json\/wp\/v2\/posts\/14933\/revisions"}],"predecessor-version":[{"id":14944,"href":"https:\/\/blogs.correiobraziliense.com.br\/vicente\/wp-json\/wp\/v2\/posts\/14933\/revisions\/14944"}],"wp:featuredmedia":[{"embeddable":true,"href":"https:\/\/blogs.correiobraziliense.com.br\/vicente\/wp-json\/wp\/v2\/media\/11457"}],"wp:attachment":[{"href":"https:\/\/blogs.correiobraziliense.com.br\/vicente\/wp-json\/wp\/v2\/media?parent=14933"}],"wp:term":[{"taxonomy":"category","embeddable":true,"href":"https:\/\/blogs.correiobraziliense.com.br\/vicente\/wp-json\/wp\/v2\/categories?post=14933"},{"taxonomy":"post_tag","embeddable":true,"href":"https:\/\/blogs.correiobraziliense.com.br\/vicente\/wp-json\/wp\/v2\/tags?post=14933"}],"curies":[{"name":"wp","href":"https:\/\/api.w.org\/{rel}","templated":true}]}}