{"id":14907,"date":"2020-07-23T09:39:23","date_gmt":"2020-07-23T12:39:23","guid":{"rendered":"https:\/\/blogs.correiobraziliense.com.br\/vicente\/?p=14907"},"modified":"2020-07-23T21:05:17","modified_gmt":"2020-07-24T00:05:17","slug":"aposentados-e-pensionistas-do-inss-terao-ate-90-dias-para-pagar-primeira-parcela-do-consignado","status":"publish","type":"post","link":"https:\/\/blogs.correiobraziliense.com.br\/vicente\/aposentados-e-pensionistas-do-inss-terao-ate-90-dias-para-pagar-primeira-parcela-do-consignado\/","title":{"rendered":"Aposentados e pensionistas do INSS ter\u00e3o at\u00e9 90 dias para pagar primeira parcela do consignado"},"content":{"rendered":"<p>O governo flexibilizou uma s\u00e9rie de regras para que aposentados e pensionistas do Instituto Nacional do Seguro Social (INSS) possam tomar empr\u00e9stimos consignados, com desconto em folha de pagamento. Uma das medidas mais importantes permite que os bancos e os fundos de pens\u00e3o deem prazo de at\u00e9 90 dias para a quita\u00e7\u00e3o da primeira parcela do empr\u00e9stimo.<\/p>\n<p>&nbsp;<\/p>\n<p>Tamb\u00e9m foi encurtada, de 90 para 30 dias, para que os trabalhadores que rec\u00e9m se aposentaram possam fazer empr\u00e9stimos. Os prazo de 90 dias para o primeiro consignado foi uma forma que o INSS encontrou para tentar restringir o ass\u00e9dio que os aposentados sofrem dos bancos.<\/p>\n<p>&nbsp;<\/p>\n<p>Pelos c\u00e1lculos do Banco Central, os aposentados e pensionistas do INSS devem R$ 142,8 bilh\u00f5es aos bancos. As taxas m\u00e9dias de juros no consignado para esse p\u00fablico est\u00e3o em 21,4% ao ano, entre as menores do mercado.<\/p>\n<p>&nbsp;<\/p>\n<p>As novas regras do consignado est\u00e3o na Instru\u00e7\u00e3o Normativa n\u00ba 107, publicada no <em>Di\u00e1rio Oficial da Uni\u00e3o (DOU)<\/em> desta quinta-feira (23\/07). As mudan\u00e7as no regulamento foram para os empr\u00e9stimos consignados de aposentados e pensionistas do INSS foram aprovadas pelo Conselho Nacional de Previd\u00eancia Social (CNPS). As novas regras valer\u00e3o durante o estado de calamidade p\u00fablica, que vai at\u00e9 31 de dezembro de 2020.<\/p>\n<p>&nbsp;<\/p>\n<p>Pelo que foi definido, as novas regras entram em vigor a partir do dia 27 de julho. Segundo INSS, o desbloqueio para os consignados\u00a0\u00e9 realizado por meio de uma pr\u00e9-autoriza\u00e7\u00e3o, instrumento indispens\u00e1vel para que as informa\u00e7\u00f5es pessoais do segurado fiquem acess\u00edveis e o contrato seja formalizado.<\/p>\n<p>&nbsp;<\/p>\n<p><strong>Limite maior do consignado no cart\u00e3o<\/strong><\/p>\n<p>&nbsp;<\/p>\n<p>O INSS ressalta que o procedimento \u00e9 todo realizado por meio da internet e deve conter documento de identifica\u00e7\u00e3o do segurado e um termo de autoriza\u00e7\u00e3o digitalizado. S\u00f3 assim os bancos poder\u00e3o liberar os recursos. Apesar das facilidades, o INSS alerta para os riscos de inadimpl\u00eancia. Somente quem realmente est\u00e1 precisando deve fazer empr\u00e9stimos.<\/p>\n<p>&nbsp;<\/p>\n<p>Quanto \u00e0 car\u00eancia para o pagamento da primeira parcela do consignado, os bancos ou as entidades de previd\u00eancia complementar poder\u00e3o negociar o prazo, que n\u00e3o deve ser superior a 90 dias. Esse per\u00edodo para o in\u00edcio do pagamento \u00e9 uma forma de dar um al\u00edvio para quem est\u00e1 apertado.<\/p>\n<p>&nbsp;<\/p>\n<p>As novas normas permitem, tamb\u00e9m, que o limite m\u00e1ximo concedido no cart\u00e3o de cr\u00e9dito para o pagamento de despesas contra\u00eddas com a finalidade de compras e saques passe de 1,4 para 1,6 vez o valor mensal do benef\u00edcio.<\/p>\n<p>&nbsp;<\/p>\n<p>Isso significa que, para cada R$ 1.000 de valor de benef\u00edcio, o segurado poder\u00e1 realizar opera\u00e7\u00f5es de at\u00e9 R$ 1.600. Esse limite, ao contr\u00e1rio das outras duas medidas, ter\u00e1 vig\u00eancia permanente.<\/p>\n<p>&nbsp;<\/p>\n<p><em>Bras\u00edlia, 09h39min<\/em><\/p>\n","protected":false},"excerpt":{"rendered":"<p>O governo flexibilizou uma s\u00e9rie de regras para que aposentados e pensionistas do Instituto Nacional do Seguro Social (INSS) possam tomar empr\u00e9stimos consignados, com desconto em folha de pagamento. Uma das medidas mais importantes permite que os bancos e os fundos de pens\u00e3o deem prazo de at\u00e9 90 dias para a quita\u00e7\u00e3o da primeira parcela [&hellip;]<\/p>\n","protected":false},"author":22,"featured_media":11151,"comment_status":"open","ping_status":"closed","sticky":false,"template":"","format":"standard","meta":{"footnotes":""},"categories":[600],"tags":[410,792,2225,408,727,411],"class_list":["post-14907","post","type-post","status-publish","format-standard","has-post-thumbnail","hentry","category-economia","tag-aposentados","tag-consignados","tag-emprestimos","tag-inss","tag-mudancas","tag-pensionistas"],"_links":{"self":[{"href":"https:\/\/blogs.correiobraziliense.com.br\/vicente\/wp-json\/wp\/v2\/posts\/14907","targetHints":{"allow":["GET"]}}],"collection":[{"href":"https:\/\/blogs.correiobraziliense.com.br\/vicente\/wp-json\/wp\/v2\/posts"}],"about":[{"href":"https:\/\/blogs.correiobraziliense.com.br\/vicente\/wp-json\/wp\/v2\/types\/post"}],"author":[{"embeddable":true,"href":"https:\/\/blogs.correiobraziliense.com.br\/vicente\/wp-json\/wp\/v2\/users\/22"}],"replies":[{"embeddable":true,"href":"https:\/\/blogs.correiobraziliense.com.br\/vicente\/wp-json\/wp\/v2\/comments?post=14907"}],"version-history":[{"count":5,"href":"https:\/\/blogs.correiobraziliense.com.br\/vicente\/wp-json\/wp\/v2\/posts\/14907\/revisions"}],"predecessor-version":[{"id":14912,"href":"https:\/\/blogs.correiobraziliense.com.br\/vicente\/wp-json\/wp\/v2\/posts\/14907\/revisions\/14912"}],"wp:featuredmedia":[{"embeddable":true,"href":"https:\/\/blogs.correiobraziliense.com.br\/vicente\/wp-json\/wp\/v2\/media\/11151"}],"wp:attachment":[{"href":"https:\/\/blogs.correiobraziliense.com.br\/vicente\/wp-json\/wp\/v2\/media?parent=14907"}],"wp:term":[{"taxonomy":"category","embeddable":true,"href":"https:\/\/blogs.correiobraziliense.com.br\/vicente\/wp-json\/wp\/v2\/categories?post=14907"},{"taxonomy":"post_tag","embeddable":true,"href":"https:\/\/blogs.correiobraziliense.com.br\/vicente\/wp-json\/wp\/v2\/tags?post=14907"}],"curies":[{"name":"wp","href":"https:\/\/api.w.org\/{rel}","templated":true}]}}