{"id":14878,"date":"2020-07-20T16:01:52","date_gmt":"2020-07-20T19:01:52","guid":{"rendered":"https:\/\/blogs.correiobraziliense.com.br\/vicente\/?p=14878"},"modified":"2020-07-20T17:16:14","modified_gmt":"2020-07-20T20:16:14","slug":"governo-vai-propor-salario-minimo-por-hora-trabalhada-diz-afif","status":"publish","type":"post","link":"https:\/\/blogs.correiobraziliense.com.br\/vicente\/governo-vai-propor-salario-minimo-por-hora-trabalhada-diz-afif\/","title":{"rendered":"Governo vai propor sal\u00e1rio m\u00ednimo por hora trabalhada, diz Afif"},"content":{"rendered":"<h2>Dentro do que chama de economia social e de mercado, o governo propor\u00e1 ao Congresso, no pacote que reunir\u00e1 a reforma tribut\u00e1ria e incentivos ao emprego, a contrata\u00e7\u00e3o de trabalhadores por hora trabalhada, em substitui\u00e7\u00e3o ao sal\u00e1rio m\u00ednimo tradicional. \u00c9 o que diz Guilherme Afif Domingos, assessor especial do ministro da Economia, Paulo Guedes, em entrevista ao programa <em>CB.Poder<\/em>.<\/h2>\n<p>&nbsp;<\/p>\n<p>Segundo ele, o p\u00fablico alvo ser\u00e3o aposentados e idosos que n\u00e3o querem mais cumprir a jornada tradicional de oito horas, mas precisam de uma outra fonte de renda. &#8220;Por que tenho que ser contratado por oito horas se posso trabalhar tr\u00eas?&#8221;, questiona Afif. Que responde: &#8220;Para isso, vamos propor o sal\u00e1rio m\u00ednimo por hora, como existe nos Estados Unidos&#8221;.<\/p>\n<p>&nbsp;<\/p>\n<p>Afif ressalta que o governo precisa flexibilizar as regras de contrata\u00e7\u00e3o no pa\u00eds, que v\u00ea o desemprego em disparada, acima de 13%. &#8220;Sal\u00e1rio \u00e9 muito para quem paga e pouco para quem recebe. O custo de aquisi\u00e7\u00e3o de m\u00e3o de obra \u00e9 muito alto no pa\u00eds. Ent\u00e3o, temos que fazer uma redu\u00e7\u00e3o desse custo, facilitar as contrata\u00e7\u00f5es e flexibilizar o n\u00famero de horas trabalhadas&#8221;, afirma.<\/p>\n<p>&nbsp;<\/p>\n<p>Para que a proposta n\u00e3o seja rejeitada pelo Congresso, por\u00e9m, o governo garantir\u00e1 que todos os trabalhadores contratados por hora tenham direito, proporcionalmente, a benef\u00edcios como 13\u00ba sal\u00e1rio, Fundo de Garantia do Tempo de Servi\u00e7o (FGTS) e f\u00e9rias. Na primeira vers\u00e3o do projeto, esses benef\u00edcios n\u00e3o estavam contemplados.<\/p>\n<p>&nbsp;<\/p>\n<p><a href=\"https:\/\/www.youtube.com\/watch?v=zOW1T9j9kQ0\">https:\/\/www.youtube.com\/watch?v=zOW1T9j9kQ0<\/a><\/p>\n<p>&nbsp;<\/p>\n<p>&nbsp;<\/p>\n<p>O assessor especial de Paulo Guedes diz que o sal\u00e1rio m\u00ednimo por hora trabalhada vir\u00e1 dentro do contexto da reforma tribut\u00e1ria, que, na segunda fase, propor\u00e1 a cria\u00e7\u00e3o de um imposto sobre transa\u00e7\u00f5es eletr\u00f4nicas, uma esp\u00e9cie de CPMF, que permitir\u00e1 a desonera\u00e7\u00e3o da folha de pagamento das empresas e o financiamento do programa Renda Brasil, que nada mais ser\u00e1 do que o Bolsa Fam\u00edlia turbinado por outros programas sociais.<\/p>\n<p>&nbsp;<\/p>\n<p>Tamb\u00e9m est\u00e1 prevista a cria\u00e7\u00e3o de um fundo previdenci\u00e1rio para bancar a aposentadoria de empreendedores informais. Eles ter\u00e3o cerca de 20% da renda registrada no programa devolvidos para esse fundo. O dinheiro poder\u00e1 ser sacado quando esses trabalhadores se aposentarem. \u00c9 o sistema de capitaliza\u00e7\u00e3o que j\u00e1 foi proposto por Guedes para todos os trabalhadores e rejeitado pelo Congresso durante a reforma da Previd\u00eancia.<\/p>\n<p>&nbsp;<\/p>\n<p>&#8220;Tudo est\u00e1 interligado&#8221;, diz Afif, ressaltando que, no Renda Brasil, haver\u00e1 uma rampa de sa\u00edda dos benefici\u00e1rios para o mercado de trabalho formal por meio de um processo de qualifica\u00e7\u00e3o profissional e conclus\u00e3o de pelo menos o ensino fundamental.<\/p>\n<p>&nbsp;<\/p>\n<p><em>Bras\u00edlia, 16h01min<\/em><\/p>\n","protected":false},"excerpt":{"rendered":"<p>Dentro do que chama de economia social e de mercado, o governo propor\u00e1 ao Congresso, no pacote que reunir\u00e1 a reforma tribut\u00e1ria e incentivos ao emprego, a contrata\u00e7\u00e3o de trabalhadores por hora trabalhada, em substitui\u00e7\u00e3o ao sal\u00e1rio m\u00ednimo tradicional. \u00c9 o que diz Guilherme Afif Domingos, assessor especial do ministro da Economia, Paulo Guedes, em [&hellip;]<\/p>\n","protected":false},"author":22,"featured_media":14879,"comment_status":"open","ping_status":"closed","sticky":false,"template":"","format":"standard","meta":{"footnotes":""},"categories":[600],"tags":[2865,254,1343,467,4745,2567,4746,614,85,3841],"class_list":["post-14878","post","type-post","status-publish","format-standard","has-post-thumbnail","hentry","category-economia","tag-afif","tag-congresso","tag-emprego","tag-governo","tag-hora-trabalhada","tag-minimo","tag-proposta","tag-reforma","tag-salario","tag-tributaria"],"_links":{"self":[{"href":"https:\/\/blogs.correiobraziliense.com.br\/vicente\/wp-json\/wp\/v2\/posts\/14878","targetHints":{"allow":["GET"]}}],"collection":[{"href":"https:\/\/blogs.correiobraziliense.com.br\/vicente\/wp-json\/wp\/v2\/posts"}],"about":[{"href":"https:\/\/blogs.correiobraziliense.com.br\/vicente\/wp-json\/wp\/v2\/types\/post"}],"author":[{"embeddable":true,"href":"https:\/\/blogs.correiobraziliense.com.br\/vicente\/wp-json\/wp\/v2\/users\/22"}],"replies":[{"embeddable":true,"href":"https:\/\/blogs.correiobraziliense.com.br\/vicente\/wp-json\/wp\/v2\/comments?post=14878"}],"version-history":[{"count":1,"href":"https:\/\/blogs.correiobraziliense.com.br\/vicente\/wp-json\/wp\/v2\/posts\/14878\/revisions"}],"predecessor-version":[{"id":14880,"href":"https:\/\/blogs.correiobraziliense.com.br\/vicente\/wp-json\/wp\/v2\/posts\/14878\/revisions\/14880"}],"wp:featuredmedia":[{"embeddable":true,"href":"https:\/\/blogs.correiobraziliense.com.br\/vicente\/wp-json\/wp\/v2\/media\/14879"}],"wp:attachment":[{"href":"https:\/\/blogs.correiobraziliense.com.br\/vicente\/wp-json\/wp\/v2\/media?parent=14878"}],"wp:term":[{"taxonomy":"category","embeddable":true,"href":"https:\/\/blogs.correiobraziliense.com.br\/vicente\/wp-json\/wp\/v2\/categories?post=14878"},{"taxonomy":"post_tag","embeddable":true,"href":"https:\/\/blogs.correiobraziliense.com.br\/vicente\/wp-json\/wp\/v2\/tags?post=14878"}],"curies":[{"name":"wp","href":"https:\/\/api.w.org\/{rel}","templated":true}]}}