{"id":14871,"date":"2020-07-17T17:45:30","date_gmt":"2020-07-17T20:45:30","guid":{"rendered":"https:\/\/blogs.correiobraziliense.com.br\/vicente\/?p=14871"},"modified":"2020-07-17T21:50:27","modified_gmt":"2020-07-18T00:50:27","slug":"escola-de-jorge-paulo-lemann-dara-bolsas-de-estudo-em-brasilia","status":"publish","type":"post","link":"https:\/\/blogs.correiobraziliense.com.br\/vicente\/escola-de-jorge-paulo-lemann-dara-bolsas-de-estudo-em-brasilia\/","title":{"rendered":"Escola de Jorge Paulo Lemann dar\u00e1 bolsas de estudo em Bras\u00edlia"},"content":{"rendered":"<h2>A Escola Eleva, de Jorge Paulo Lemann, um dos homens mais ricos do pa\u00eds, doar\u00e1 bolsas de estudo para jovens de fam\u00edlias de baixa renda em Bras\u00edlia.<\/h2>\n<h2><\/h2>\n<p>O n\u00famero de bolsas depender\u00e1 do total de fam\u00edlias inscritas e da situa\u00e7\u00e3o de cada uma. No Rio de Janeiro, onde est\u00e3o as unidades da escolas de Lemann, foram concedidas 82 bolsas, n\u00famero poss\u00edvel de ser alcan\u00e7ado no Distrito Federal.<\/p>\n<p>&nbsp;<\/p>\n<p>Bras\u00edlia ser\u00e1 o primeiro lugar fora do Rio a ter unidade da Eleva. As inscri\u00e7\u00f5es para as bolsas est\u00e3o abertas e v\u00e3o at\u00e9 31 de julho. Segundo o\u00a0Instituto Janelas Abertas, respons\u00e1vel pelo processo seletivo, as bolsas ter\u00e3o como foco alunos dos 2\u00ba, 4\u00ba e 6\u00ba anos do ensino fundamental.<\/p>\n<p>&nbsp;<\/p>\n<p>Os selecionados estudar\u00e3o na unidade da Escola Eleva programada para ser inaugurada em Bras\u00edlia em 2021. As inscri\u00e7\u00f5es s\u00e3o gratuitas e podem ser feitas pelo site:\u00a0<a href=\"https:\/\/escolaeleva.com.br\/brasilia\/estude-conosco\/bolsas-2021\/\">https:\/\/escolaeleva.com.br\/brasilia\/estude-conosco\/bolsas-2021\/<\/a>. O objetivo das bolsas \u00e9 permitir a fam\u00edlias de baixa renda acesso \u00e0 educa\u00e7\u00e3o de qualidade.<\/p>\n<p>&nbsp;<\/p>\n<p><a href=\"https:\/\/www.correiobraziliense.com.br\/app\/noticia\/eu-estudante\/ensino_educacaobasica\/2019\/05\/28\/ensino_educacaobasica_interna,758208\/escola-eleva-abre-unidade-em-brasilia.shtml\">Em entrevista recente ao <strong>Correio<\/strong><\/a>,\u00a0a diretora-geral da institui\u00e7\u00e3o, Duda Falc\u00e3o, disse que Bras\u00edlia n\u00e3o poderia ficar de fora da hist\u00f3ria da Eleva. \u201cA gente v\u00ea Bras\u00edlia como um grande s\u00edmbolo para o Brasil. Sabemos o que a cidade representa para o nosso pa\u00eds, al\u00e9m do olhar aberto e da diversidade de cultura que a capital tem\u201d, destacou.<\/p>\n<p>&nbsp;<\/p>\n<p><strong>Maioria das bolsas para negros e pardos<\/strong><\/p>\n<p>&nbsp;<\/p>\n<p>Mais de 40% dos estudantes apoiados atualmente s\u00e3o oriundos da rede p\u00fablica e 58% declaram-se negros ou pardos. A bolsa oferecida pelo programa vai al\u00e9m da mensalidade: garante a integra\u00e7\u00e3o completa do aluno e sua fam\u00edlia, com acompanhamento regular e suporte psicol\u00f3gico e pedag\u00f3gico.<\/p>\n<p>&nbsp;<\/p>\n<p>O Instituto Janelas Abertas, que coordena as bolsas, \u00e9 resultado de uma estrutura inovadora na educa\u00e7\u00e3o b\u00e1sica privada no pa\u00eds: um fundo filantr\u00f3pico. Al\u00e9m disso, a fim de potencializar o impacto do programa, h\u00e1 um matchfunding estabelecido com a Eleva: a cada aluno financiado por um doador da associa\u00e7\u00e3o, a escola garante a educa\u00e7\u00e3o de mais um aluno.<\/p>\n<p>&nbsp;<\/p>\n<p><em>Bras\u00edlia, 17h45min<\/em><\/p>\n","protected":false},"excerpt":{"rendered":"<p>A Escola Eleva, de Jorge Paulo Lemann, um dos homens mais ricos do pa\u00eds, doar\u00e1 bolsas de estudo para jovens de fam\u00edlias de baixa renda em Bras\u00edlia. O n\u00famero de bolsas depender\u00e1 do total de fam\u00edlias inscritas e da situa\u00e7\u00e3o de cada uma. No Rio de Janeiro, onde est\u00e3o as unidades da escolas de Lemann, [&hellip;]<\/p>\n","protected":false},"author":22,"featured_media":14872,"comment_status":"open","ping_status":"closed","sticky":false,"template":"","format":"standard","meta":{"footnotes":""},"categories":[600],"tags":[4740,926,4742,2342,431,4741,4743,4744],"class_list":["post-14871","post","type-post","status-publish","format-standard","has-post-thumbnail","hentry","category-economia","tag-bolsas-de-estudos","tag-brasilia","tag-eleva","tag-familias","tag-jovens","tag-lemann","tag-situacao","tag-vulnerabiidade"],"_links":{"self":[{"href":"https:\/\/blogs.correiobraziliense.com.br\/vicente\/wp-json\/wp\/v2\/posts\/14871","targetHints":{"allow":["GET"]}}],"collection":[{"href":"https:\/\/blogs.correiobraziliense.com.br\/vicente\/wp-json\/wp\/v2\/posts"}],"about":[{"href":"https:\/\/blogs.correiobraziliense.com.br\/vicente\/wp-json\/wp\/v2\/types\/post"}],"author":[{"embeddable":true,"href":"https:\/\/blogs.correiobraziliense.com.br\/vicente\/wp-json\/wp\/v2\/users\/22"}],"replies":[{"embeddable":true,"href":"https:\/\/blogs.correiobraziliense.com.br\/vicente\/wp-json\/wp\/v2\/comments?post=14871"}],"version-history":[{"count":2,"href":"https:\/\/blogs.correiobraziliense.com.br\/vicente\/wp-json\/wp\/v2\/posts\/14871\/revisions"}],"predecessor-version":[{"id":14874,"href":"https:\/\/blogs.correiobraziliense.com.br\/vicente\/wp-json\/wp\/v2\/posts\/14871\/revisions\/14874"}],"wp:featuredmedia":[{"embeddable":true,"href":"https:\/\/blogs.correiobraziliense.com.br\/vicente\/wp-json\/wp\/v2\/media\/14872"}],"wp:attachment":[{"href":"https:\/\/blogs.correiobraziliense.com.br\/vicente\/wp-json\/wp\/v2\/media?parent=14871"}],"wp:term":[{"taxonomy":"category","embeddable":true,"href":"https:\/\/blogs.correiobraziliense.com.br\/vicente\/wp-json\/wp\/v2\/categories?post=14871"},{"taxonomy":"post_tag","embeddable":true,"href":"https:\/\/blogs.correiobraziliense.com.br\/vicente\/wp-json\/wp\/v2\/tags?post=14871"}],"curies":[{"name":"wp","href":"https:\/\/api.w.org\/{rel}","templated":true}]}}