{"id":14869,"date":"2020-07-17T12:21:16","date_gmt":"2020-07-17T15:21:16","guid":{"rendered":"https:\/\/blogs.correiobraziliense.com.br\/vicente\/?p=14869"},"modified":"2020-07-17T12:49:34","modified_gmt":"2020-07-17T15:49:34","slug":"com-cpmf-travestida-de-social-guedes-acredita-ter-dobrado-bolsonaro-para-apoiar-recriacao-do-imposto","status":"publish","type":"post","link":"https:\/\/blogs.correiobraziliense.com.br\/vicente\/com-cpmf-travestida-de-social-guedes-acredita-ter-dobrado-bolsonaro-para-apoiar-recriacao-do-imposto\/","title":{"rendered":"Com CPMF travestida de social, Guedes acredita ter dobrado Bolsonaro para apoiar recria\u00e7\u00e3o do imposto"},"content":{"rendered":"<h2>O ministro da Economia, Paulo Guedes, est\u00e1 convencido de que conseguiu dobrar o presidente Jair Bolsonaro para que apoie a recria\u00e7\u00e3o da CPMF, que, pela proposta do governo, vir\u00e1 em forma de um imposto sobre transa\u00e7\u00f5es eletr\u00f4nicas. Guedes assegura a Bolsonaro que a nova CPMF ter\u00e1 uma fun\u00e7\u00e3o totalmente social, o que o ajudar\u00e1 politicamente.<\/h2>\n<p>&nbsp;<\/p>\n<p>Nas conversas que vem tendo com Bolsonaro, o ministro da Economia tem apresentado uma s\u00e9rie de programas sociais que podem ser financiados com a nova CPMF. Al\u00e9m de garantir a amplia\u00e7\u00e3o do Bolsa Fam\u00edlia, que passar\u00e1 a se chamar Renda Brasil, garantir\u00e1 a cria\u00e7\u00e3o de empregos por meio da desonera\u00e7\u00e3o das folhas de sal\u00e1rios.<\/p>\n<p>&nbsp;<\/p>\n<p>Guedes sabe que, depois do fim do pagamento do aux\u00edlio emergencial \u2014 o governo j\u00e1 divulgou o calend\u00e1rio das parcelas extras \u2014, o desemprego aumentar\u00e1 muito, um problem\u00e3o para a imagem de Bolsonaro. Ent\u00e3o, \u00e9 preciso, no entender dele, criar uma rede de prote\u00e7\u00e3o social, que suavizar\u00e1 os efeitos do desemprego, melhorando a imagem do governo.<\/p>\n<p>&nbsp;<\/p>\n<p><strong>Aval de Bolsonaro mira reelei\u00e7\u00e3o<\/strong><\/p>\n<p>&nbsp;<\/p>\n<p>Bolsonaro praticamente se convenceu com os argumentos de Guedes, pois olha mais \u00e0 frente, de olho da reelei\u00e7\u00e3o em 2022. Ele tem em m\u00e3os n\u00fameros levantados por sua equipe mostrando que o pagamento do aux\u00edlio emergencial conseguiu reduzir a contra\u00e7\u00e3o da economia e conter a queda de popularidade do governo.<\/p>\n<p>&nbsp;<\/p>\n<p>N\u00e3o por acaso, Bolsonaro deu aval para Guedes retomar o debate sobre a nova CPMF publicamente. A orienta\u00e7\u00e3o do Planalto \u00e9 testar ao m\u00e1ximo a rea\u00e7\u00e3o da popula\u00e7\u00e3o e do Congresso para ver at\u00e9 onde o governo pode ir. A meta \u00e9 aprovar o imposto sobre transa\u00e7\u00f5es eletr\u00f4nicas at\u00e9 o primeiro semestre de 2021.<\/p>\n<p>&nbsp;<\/p>\n<p>A proposta da nova CPMF, com al\u00edquotas variando entre 0,2% e 0,4%, no entanto, chegar\u00e1 ao Congresso em uma segunda etapa. Na pr\u00f3xima ter\u00e7a-feira (21\/07), Guedes encaminhar\u00e1 ao Legislativo a primeira parte da reforma tribut\u00e1ria, que prev\u00ea a unifica\u00e7\u00e3o do PIS e da Cofins, tributos federais.<\/p>\n<p>&nbsp;<\/p>\n<p>&#8220;A nossa perspectiva \u00e9 de que a reforma tribut\u00e1ria entrou com tudo no radar e ser\u00e1 menos complicado do que at\u00e9 bem pouco tempo aprovar a nova CPMF. Esse discurso social por tr\u00e1s dela dar\u00e1 argumento de sobra para o Congresso aprov\u00e1-la&#8221;, diz um t\u00e9cnico da Economia.<\/p>\n<p>&nbsp;<\/p>\n<p><em>Bras\u00edlia, 12h21min<\/em><\/p>\n","protected":false},"excerpt":{"rendered":"<p>O ministro da Economia, Paulo Guedes, est\u00e1 convencido de que conseguiu dobrar o presidente Jair Bolsonaro para que apoie a recria\u00e7\u00e3o da CPMF, que, pela proposta do governo, vir\u00e1 em forma de um imposto sobre transa\u00e7\u00f5es eletr\u00f4nicas. Guedes assegura a Bolsonaro que a nova CPMF ter\u00e1 uma fun\u00e7\u00e3o totalmente social, o que o ajudar\u00e1 politicamente. [&hellip;]<\/p>\n","protected":false},"author":22,"featured_media":10126,"comment_status":"open","ping_status":"closed","sticky":false,"template":"","format":"standard","meta":{"footnotes":""},"categories":[600],"tags":[699,2554,254,3615,4324,3616,2478,4274,2934,4739],"class_list":["post-14869","post","type-post","status-publish","format-standard","has-post-thumbnail","hentry","category-economia","tag-aprovacao","tag-bolsonaro","tag-congresso","tag-cpmf","tag-eletronicas","tag-guedes","tag-imposto","tag-reeleicao","tag-social","tag-transacoes"],"_links":{"self":[{"href":"https:\/\/blogs.correiobraziliense.com.br\/vicente\/wp-json\/wp\/v2\/posts\/14869","targetHints":{"allow":["GET"]}}],"collection":[{"href":"https:\/\/blogs.correiobraziliense.com.br\/vicente\/wp-json\/wp\/v2\/posts"}],"about":[{"href":"https:\/\/blogs.correiobraziliense.com.br\/vicente\/wp-json\/wp\/v2\/types\/post"}],"author":[{"embeddable":true,"href":"https:\/\/blogs.correiobraziliense.com.br\/vicente\/wp-json\/wp\/v2\/users\/22"}],"replies":[{"embeddable":true,"href":"https:\/\/blogs.correiobraziliense.com.br\/vicente\/wp-json\/wp\/v2\/comments?post=14869"}],"version-history":[{"count":1,"href":"https:\/\/blogs.correiobraziliense.com.br\/vicente\/wp-json\/wp\/v2\/posts\/14869\/revisions"}],"predecessor-version":[{"id":14870,"href":"https:\/\/blogs.correiobraziliense.com.br\/vicente\/wp-json\/wp\/v2\/posts\/14869\/revisions\/14870"}],"wp:featuredmedia":[{"embeddable":true,"href":"https:\/\/blogs.correiobraziliense.com.br\/vicente\/wp-json\/wp\/v2\/media\/10126"}],"wp:attachment":[{"href":"https:\/\/blogs.correiobraziliense.com.br\/vicente\/wp-json\/wp\/v2\/media?parent=14869"}],"wp:term":[{"taxonomy":"category","embeddable":true,"href":"https:\/\/blogs.correiobraziliense.com.br\/vicente\/wp-json\/wp\/v2\/categories?post=14869"},{"taxonomy":"post_tag","embeddable":true,"href":"https:\/\/blogs.correiobraziliense.com.br\/vicente\/wp-json\/wp\/v2\/tags?post=14869"}],"curies":[{"name":"wp","href":"https:\/\/api.w.org\/{rel}","templated":true}]}}