{"id":14867,"date":"2020-07-16T16:11:41","date_gmt":"2020-07-16T19:11:41","guid":{"rendered":"https:\/\/blogs.correiobraziliense.com.br\/vicente\/?p=14867"},"modified":"2020-07-16T17:42:07","modified_gmt":"2020-07-16T20:42:07","slug":"rodrigo-maia-e-quase-passado-diz-integrante-do-ministerio-da-economia-sobre-nova-cpmf","status":"publish","type":"post","link":"https:\/\/blogs.correiobraziliense.com.br\/vicente\/rodrigo-maia-e-quase-passado-diz-integrante-do-ministerio-da-economia-sobre-nova-cpmf\/","title":{"rendered":"&#8220;Rodrigo Maia \u00e9 quase passado&#8221;, diz integrante do Minist\u00e9rio da Economia sobre nova CPMF"},"content":{"rendered":"<h2>Gente gra\u00fada do governo, especialmente do Minist\u00e9rio da Economia, acredita que, mesmo se dizendo radicalmente contra a proposta do governo de cria\u00e7\u00e3o de um imposto sobre transa\u00e7\u00f5es eletr\u00f4nicas, uma nova CPMF, o presidente da C\u00e2mara dos Deputados, Rodrigo Maia, ser\u00e1 &#8220;engolido&#8221; pelo debate. &#8220;Rodrigo Maia \u00e9 quase passado&#8221;, diz um integrante da Economia.<\/h2>\n<p>&nbsp;<\/p>\n<p>Pelo racioc\u00ednio dele, dia ap\u00f3s dia, Maia se enfraquecer\u00e1 no debate. Por uma raz\u00e3o simples: j\u00e1 est\u00e3o correndo a todo vapor as negocia\u00e7\u00f5es para a escolha do novo presidente da C\u00e2mara. Ser\u00e1 o nome mais forte \u00e0 sucess\u00e3o de Maia que, nos pr\u00f3ximos meses, guiar\u00e1 o debate entre os deputados. E se essa pessoa for a favor da nova CPMF, Maia ser\u00e1 atropelado.<\/p>\n<p>&nbsp;<\/p>\n<p>\u00c9 com base nesse racioc\u00ednio que o ministro Paulo Guedes est\u00e1 se guiando. Tanto, que resolveu tirar do arm\u00e1rio, sem qualquer sinal de vergonha, o projeto do imposto sobre transa\u00e7\u00f5es eletr\u00f4nicas, mesmo sem combinar o jogo totalmente com o presidente Jair Bolsonaro, que j\u00e1 n\u00e3o est\u00e1 mais t\u00e3o resistente \u00e0 proposta.<\/p>\n<p>&nbsp;<\/p>\n<p><strong>Governo n\u00e3o quer atropelar sucess\u00e3o na C\u00e2mara<\/strong><\/p>\n<p>&nbsp;<\/p>\n<p>O importante, acredita Guedes e equipe, \u00e9 o governo n\u00e3o atropelar o processo sucess\u00f3rio na C\u00e2mara e no Senado, onde a proposta de retorno da CPMF n\u00e3o tem tanta resist\u00eancia. Um dos t\u00e9cnicos do minist\u00e9rio acredita que o sucessor de Maia ser\u00e1 um representante do Centr\u00e3o, totalmente fechado com o Pal\u00e1cio do Planalto.<\/p>\n<p>&nbsp;<\/p>\n<p>A meta do governo \u00e9 adiantar ao m\u00e1ximo as discuss\u00f5es da reforma tribut\u00e1ria, aproveitar que h\u00e1 clima para se debater a volta de um imposto semelhante \u00e0 CPMF, que vem sendo associado a quest\u00f5es sociais \u2014 garantir mais empregos por meio da desonera\u00e7\u00e3o das folhas de pagamentos das empresas \u2014 , e encurtar os prazos de aprova\u00e7\u00e3o.<\/p>\n<p>&nbsp;<\/p>\n<p>&#8220;Maia tem agido de forma muito autorit\u00e1ria em rela\u00e7\u00e3o \u00e0 proposta de reforma tribut\u00e1ria&#8221;, diz Guilherme Afif Domingos, assessor especial de Paulo Guedes. Mas, segundo outro integrante do time da Economia, &#8220;todo autoritarismo de Maia acabar\u00e1 assim que ele voltar \u00e0 plan\u00edcie, como ocorreu com todos os ex-presidentes da C\u00e2mara&#8221;.<\/p>\n<p>&nbsp;<\/p>\n<p><em>Bras\u00edlia, 16h11min<\/em><\/p>\n","protected":false},"excerpt":{"rendered":"<p>Gente gra\u00fada do governo, especialmente do Minist\u00e9rio da Economia, acredita que, mesmo se dizendo radicalmente contra a proposta do governo de cria\u00e7\u00e3o de um imposto sobre transa\u00e7\u00f5es eletr\u00f4nicas, uma nova CPMF, o presidente da C\u00e2mara dos Deputados, Rodrigo Maia, ser\u00e1 &#8220;engolido&#8221; pelo debate. &#8220;Rodrigo Maia \u00e9 quase passado&#8221;, diz um integrante da Economia. &nbsp; Pelo [&hellip;]<\/p>\n","protected":false},"author":22,"featured_media":11940,"comment_status":"open","ping_status":"closed","sticky":false,"template":"","format":"standard","meta":{"footnotes":""},"categories":[600],"tags":[134,3615,3613,1350,656,3094],"class_list":["post-14867","post","type-post","status-publish","format-standard","has-post-thumbnail","hentry","category-economia","tag-camara","tag-cpmf","tag-paulo-guedes","tag-reforma-tributaria","tag-rodrigo-maia","tag-sucessao"],"_links":{"self":[{"href":"https:\/\/blogs.correiobraziliense.com.br\/vicente\/wp-json\/wp\/v2\/posts\/14867","targetHints":{"allow":["GET"]}}],"collection":[{"href":"https:\/\/blogs.correiobraziliense.com.br\/vicente\/wp-json\/wp\/v2\/posts"}],"about":[{"href":"https:\/\/blogs.correiobraziliense.com.br\/vicente\/wp-json\/wp\/v2\/types\/post"}],"author":[{"embeddable":true,"href":"https:\/\/blogs.correiobraziliense.com.br\/vicente\/wp-json\/wp\/v2\/users\/22"}],"replies":[{"embeddable":true,"href":"https:\/\/blogs.correiobraziliense.com.br\/vicente\/wp-json\/wp\/v2\/comments?post=14867"}],"version-history":[{"count":1,"href":"https:\/\/blogs.correiobraziliense.com.br\/vicente\/wp-json\/wp\/v2\/posts\/14867\/revisions"}],"predecessor-version":[{"id":14868,"href":"https:\/\/blogs.correiobraziliense.com.br\/vicente\/wp-json\/wp\/v2\/posts\/14867\/revisions\/14868"}],"wp:featuredmedia":[{"embeddable":true,"href":"https:\/\/blogs.correiobraziliense.com.br\/vicente\/wp-json\/wp\/v2\/media\/11940"}],"wp:attachment":[{"href":"https:\/\/blogs.correiobraziliense.com.br\/vicente\/wp-json\/wp\/v2\/media?parent=14867"}],"wp:term":[{"taxonomy":"category","embeddable":true,"href":"https:\/\/blogs.correiobraziliense.com.br\/vicente\/wp-json\/wp\/v2\/categories?post=14867"},{"taxonomy":"post_tag","embeddable":true,"href":"https:\/\/blogs.correiobraziliense.com.br\/vicente\/wp-json\/wp\/v2\/tags?post=14867"}],"curies":[{"name":"wp","href":"https:\/\/api.w.org\/{rel}","templated":true}]}}