{"id":1484,"date":"2016-06-17T22:15:13","date_gmt":"2016-06-18T01:15:13","guid":{"rendered":"https:\/\/blogs.correiobraziliense.com.br\/vicente\/?p=1484"},"modified":"2016-06-18T15:22:35","modified_gmt":"2016-06-18T18:22:35","slug":"reviravolta-na-geap-justica-reduz-novamente-reajuste-de-plano-para-20","status":"publish","type":"post","link":"https:\/\/blogs.correiobraziliense.com.br\/vicente\/reviravolta-na-geap-justica-reduz-novamente-reajuste-de-plano-para-20\/","title":{"rendered":"Reviravolta na Geap: Justi\u00e7a reduz novamente reajuste de plano para 20%"},"content":{"rendered":"<p>VERA BATISTA<\/p>\n<p>&nbsp;<\/p>\n<p>A briga pol\u00edtica que tomou conta da Geap, operadora dos planos de sa\u00fade da maioria dos servidores federais, teve um novo round na noite de ontem. A Justi\u00e7a derrubou a liminar que garantia a posse do Conselho de Administra\u00e7\u00e3o presidido por La\u00e9rcio Lemos de Souza, com o apoio do Pal\u00e1cio do Planalto, e ratificava reajuste de 37,55% nos conv\u00eanios. Agora, voltar\u00e3o \u00e0 empresa os conselheiros afastados, comandados por Irineu Messias de Ara\u00fajo, que defendem aumento de 20% nas mensalidades. N\u00e3o h\u00e1 perspectiva de quando essa guerra nos tribunais vai acabar. O certo \u00e9 que a Geap, que registra rombo anual de R$ 400 milh\u00f5es, o equivalente a 10% de seu faturamento, continuar\u00e1 afundando.<\/p>\n<p>&nbsp;<\/p>\n<p>Em entrevista ao <strong>Correio<\/strong>, antes de o desembargador Souza Prudente derrubar a liminar que lhe garantia o cargo, La\u00e9rcio Souza disse que o reajuste de 37,55% nos planos evitar\u00e1 que a empresa perca cerca de R$ 30 milh\u00f5es por m\u00eas ou R$ 360 milh\u00f5es por ano, o que agravaria ainda mais a j\u00e1 fr\u00e1gil situa\u00e7\u00e3o da operadora. Segundo ele, que tomou posse em 14 de junho, com os 20% de aumento, abaixo do necess\u00e1rio, a Geap dobrar\u00e1 o rombo anual de R$ 400 milh\u00f5es. E mais: o reajuste nos conv\u00eanios em 2017 ter\u00e1 que ser de, no m\u00ednimo, 70%.<\/p>\n<p>&nbsp;<\/p>\n<p>\u201cA Geap est\u00e1 em queda livre h\u00e1 12 meses. Os primeiros n\u00fameros levantados pela \u00e1rea t\u00e9cnica mostram que, se n\u00e3o for aplicado o reajuste de 37,55%, o risco financeiro \u00e9 muito alto. Com os 20%, referentes \u00e0 infla\u00e7\u00e3o m\u00e9dica, j\u00e1 no primeiro m\u00eas o resultado ser\u00e1 de deficit de R$ 30 milh\u00f5es\u201d, ressaltou Lemos. Ele assinalou que a diretoria anterior, que agora retornar\u00e1 \u00e0 operadora fez uma invers\u00e3o cont\u00e1bil: reduziu as receitas sem apontar meios para baixar as despesas. \u201cNingu\u00e9m quer dar aumento de gra\u00e7a, onerando o participante. A inten\u00e7\u00e3o \u00e9 trazer de volta a sa\u00fade financeira da empresa e evitar futuros reajustes que estejam acima da capacidade de pagamento dos participantes. Neste momento, apenas a infla\u00e7\u00e3o m\u00e9dica n\u00e3o d\u00e1 sustentabilidade \u00e0 operadora\u201d, acrescentou.<\/p>\n<p>&nbsp;<\/p>\n<p><em>Bras\u00edlia, 22h15min<\/em><\/p>\n","protected":false},"excerpt":{"rendered":"<p>VERA BATISTA &nbsp; A briga pol\u00edtica que tomou conta da Geap, operadora dos planos de sa\u00fade da maioria dos servidores federais, teve um novo round na noite de ontem. A Justi\u00e7a derrubou a liminar que garantia a posse do Conselho de Administra\u00e7\u00e3o presidido por La\u00e9rcio Lemos de Souza, com o apoio do Pal\u00e1cio do Planalto, [&hellip;]<\/p>\n","protected":false},"author":22,"featured_media":0,"comment_status":"open","ping_status":"closed","sticky":false,"template":"","format":"standard","meta":{"footnotes":""},"categories":[1],"tags":[283,262,281,282],"class_list":["post-1484","post","type-post","status-publish","format-standard","hentry","category-sem-categoria","tag-desembargador-souza-prudente","tag-geap","tag-guerra-politica","tag-justica"],"_links":{"self":[{"href":"https:\/\/blogs.correiobraziliense.com.br\/vicente\/wp-json\/wp\/v2\/posts\/1484","targetHints":{"allow":["GET"]}}],"collection":[{"href":"https:\/\/blogs.correiobraziliense.com.br\/vicente\/wp-json\/wp\/v2\/posts"}],"about":[{"href":"https:\/\/blogs.correiobraziliense.com.br\/vicente\/wp-json\/wp\/v2\/types\/post"}],"author":[{"embeddable":true,"href":"https:\/\/blogs.correiobraziliense.com.br\/vicente\/wp-json\/wp\/v2\/users\/22"}],"replies":[{"embeddable":true,"href":"https:\/\/blogs.correiobraziliense.com.br\/vicente\/wp-json\/wp\/v2\/comments?post=1484"}],"version-history":[{"count":1,"href":"https:\/\/blogs.correiobraziliense.com.br\/vicente\/wp-json\/wp\/v2\/posts\/1484\/revisions"}],"predecessor-version":[{"id":1485,"href":"https:\/\/blogs.correiobraziliense.com.br\/vicente\/wp-json\/wp\/v2\/posts\/1484\/revisions\/1485"}],"wp:attachment":[{"href":"https:\/\/blogs.correiobraziliense.com.br\/vicente\/wp-json\/wp\/v2\/media?parent=1484"}],"wp:term":[{"taxonomy":"category","embeddable":true,"href":"https:\/\/blogs.correiobraziliense.com.br\/vicente\/wp-json\/wp\/v2\/categories?post=1484"},{"taxonomy":"post_tag","embeddable":true,"href":"https:\/\/blogs.correiobraziliense.com.br\/vicente\/wp-json\/wp\/v2\/tags?post=1484"}],"curies":[{"name":"wp","href":"https:\/\/api.w.org\/{rel}","templated":true}]}}