{"id":14822,"date":"2020-07-15T11:09:09","date_gmt":"2020-07-15T14:09:09","guid":{"rendered":"https:\/\/blogs.correiobraziliense.com.br\/vicente\/?p=14822"},"modified":"2020-07-15T11:46:12","modified_gmt":"2020-07-15T14:46:12","slug":"spe-mantem-previsao-de-retracao-do-pib-de-2020-em-47","status":"publish","type":"post","link":"https:\/\/blogs.correiobraziliense.com.br\/vicente\/spe-mantem-previsao-de-retracao-do-pib-de-2020-em-47\/","title":{"rendered":"Governo mant\u00e9m previs\u00e3o de retra\u00e7\u00e3o do PIB de 2020 em 4,7%"},"content":{"rendered":"<p><span style=\"font-weight: 400\">ROSANA HESSEL<\/span><\/p>\n<p><span style=\"font-weight: 400\">MARINA BARBOSA<\/span><\/p>\n<p>&nbsp;<\/p>\n<p>&nbsp;<\/p>\n<p><span style=\"font-weight: 400\">A Secretaria de Pol\u00edtica Econ\u00f4mica (SPE), do Minist\u00e9rio da Economia, manteve as proje\u00e7\u00f5es de queda do Produto Interno Bruto (PIB) de 2020\u00a0 em 4,7%, conforme novo relat\u00f3rio de par\u00e2metros macroecon\u00f4micos divulgado nesta quarta-feira (15\/07).<\/span><\/p>\n<p>&nbsp;<\/p>\n<p><span style=\"font-weight: 400\">As previs\u00f5es atualizadas da equipe econ\u00f4mica continuam, portanto, mais otimistas do que o mercado. A mediana das estimativas para o PIB de 2020 computada pelo boletim Focus, do Banco Central, prev\u00ea retra\u00e7\u00e3o de 6,1%. J\u00e1 o Fundo Monet\u00e1rio Internacional (FMI) prev\u00ea retra\u00e7\u00e3o de 9,1%.<\/span><\/p>\n<p>&nbsp;<\/p>\n<p><span style=\"font-weight: 400\">O secret\u00e1rio especial da Fazenda, Waldery Rodrigues, que esse n\u00famero ainda pode ser revisto, dado o\u00a0<\/span><span style=\"font-weight: 400\">grau de incertezas causado pela pandemia de covid-19. Por\u00e9m, disse que o dado est\u00e1 em linha com os dados setoriais e os dados antecedentes de maio e junho, que v\u00eam mostrando que o pior dessa crise ficou em abril. Ele lembrou at\u00e9 que, diante desses n\u00fameros, o mercado reduziu de 6,54% para 6,1% a sua proje\u00e7\u00e3o de queda do PIB no Focus. &#8220;Pode ser revisto na divulga\u00e7\u00e3o da pr\u00f3xima grade, mas j\u00e1 mostra a tend\u00eancia de que abril foi o fundo do po\u00e7o. Foi um m\u00eas onde a retra\u00e7\u00e3o econ\u00f4mica foi mais intensa e agora h\u00e1 uma movimenta\u00e7\u00e3o de recupera\u00e7\u00e3o&#8221;, ponderou ele, durante a apresenta\u00e7\u00e3o do relat\u00f3rio da SPE que \u00e9 subordinada \u00e0 Fazenda.<\/span><\/p>\n<p>&nbsp;<\/p>\n<p><span style=\"font-weight: 400\">Em maio, ap\u00f3s rever as previs\u00f5es de uma varia\u00e7\u00e3o pr\u00f3xima a zero da economia, de 0,02%, a SPE tinha passado a prever queda de 4,7% no PIB deste ano. Essa proje\u00e7\u00e3o considerava que as medidas de distanciamento social, necess\u00e1rios ao combate ao novo coronav\u00edrus, durariam at\u00e9 o fim de maio e acabou mantida no Boletim Macrofiscal da secretaria.\u00a0\u00a0<\/span><\/p>\n<p>&nbsp;<\/p>\n<p><span style=\"font-weight: 400\">Por\u00e9m, desta vez, a SPE afirmou que \u201capesar da extens\u00e3o do isolamento social&#8221;, manteve as estimativas devido \u00e0\u00a0 &#8220;melhoria dos indicadores, refletindo um efeito positivo das pol\u00edticas adotadas at\u00e9 ent\u00e3o\u201d. Pelas proje\u00e7\u00f5es da secretaria,\u00a0 a queda do PIB do segundo trimestre ser\u00e1 de 7,5%, em rela\u00e7\u00e3o ao trimestre anterior, e de 9,3%, na compara\u00e7\u00e3o com o mesmo per\u00edodo de 2019. Para 2021, o \u00f3rg\u00e3o manteve tamb\u00e9m a estimativa de expans\u00e3o de 3,2%.<\/span><\/p>\n<p>&nbsp;<\/p>\n<p><span style=\"font-weight: 400\">A SPE tamb\u00e9m n\u00e3o alterou as proje\u00e7\u00f5es para o desempenho da atividade econ\u00f4mica nos pr\u00f3ximos anos. Por isso, continua projetando uma recupera\u00e7\u00e3o de 3,2% do PIB em 2021 e de 2,6% em 2022. J\u00e1 para 2023 e 2024, a perspectiva \u00e9 de alta de 2,5% do PIB.<\/span><\/p>\n<p>&nbsp;<\/p>\n<p>Com a manuten\u00e7\u00e3o dessa proje\u00e7\u00e3o de queda do PIB em 2020, o governo vai reduzir a perspectiva de rombo fiscal deste ano, porque n\u00e3o dever\u00e1 ter uma queda mais brusca nas estimativas de receita.\u00a0 Waldery<span style=\"font-weight: 400\">\u00a0explicou que a perspectiva de deficit prim\u00e1rio das contas do governo central (que inclui Tesouro Nacional, Banco Central e Previd\u00eancia Social), de 12% do PIB, considerava a queda de 6,5% do PIB que era a estimativa esperada pelo mercado financeiro no in\u00edcio deste m\u00eas. Por\u00e9m, ser\u00e1 reduzida diante da perspectiva oficial de queda de 4,7% do PIB. &#8220;Como mantivemos essa estimativa, as perspectivas de d\u00e9ficit tamb\u00e9m ser\u00e3o revistas&#8221;, antecipou, dizendo que os novos indicadores fiscais devem ser divulgados no fim do m\u00eas.<\/span><\/p>\n<p>&nbsp;<\/p>\n<p><strong>Aux\u00edlio emergencial<\/strong><\/p>\n<p>&nbsp;<\/p>\n<p><span style=\"font-weight: 400\">Em maio, a equipe econ\u00f4mica admitiu que poderia revisar essa proje\u00e7\u00e3o caso as medidas de distanciamento social entrassem pelo m\u00eas de junho. Afinal, segundo os c\u00e1lculos do governo, cada semana de distanciamento social custa cerca de R$ 20 bilh\u00f5es para a economia brasileira. A principal pol\u00edtica considerada nesse sentido \u00e9 o aux\u00edlio emergencial de R$ 600, que j\u00e1 liberou mais de R$ 102 bilh\u00f5es para cerca de 65 milh\u00f5es de brasileiros. \u00c9 que o aux\u00edlio tem ajudado a manter a renda e o consumo das fam\u00edlias brasileiras nesse momento de crise e desemprego alto, segundo os economistas. Tanto que foi apontado como uma das principais raz\u00f5es para a recupera\u00e7\u00e3o de 19,6% das vendas do varejo ampliado em maio.\u00a0<\/span><\/p>\n<p>&nbsp;<\/p>\n<p><span style=\"font-weight: 400\">\u201cCom a eleva\u00e7\u00e3o da massa salarial ampliada, que foi estendida ainda por alguns meses devido \u00e0 prorroga\u00e7\u00e3o do aux\u00edlio emergencial e do benef\u00edcio emergencial, e fortalecida com a libera\u00e7\u00e3o dos saques emergenciais do FGTS (Fundo de Garantia do Tempo de Servi\u00e7o), diversos setores da economia est\u00e3o se adaptando para sobreviver durante esse per\u00edodo\u201d, reiterou a SPE.<\/span><\/p>\n<p>&nbsp;<\/p>\n<p><span style=\"font-weight: 400\">A SPE tamb\u00e9m destacou, por sua vez, que essas pol\u00edticas s\u00e3o muito caras para serem mantidas ap\u00f3s a crise do novo coronav\u00edrus. S\u00f3 o aux\u00edlio emergencial, por exemplo, custa cerca de R$ 51,5 bilh\u00f5es por m\u00eas. Por isso, segundo os analistas poderia agravar o quadro fiscal brasileiro caso virasse uma pol\u00edtica permanente. &#8220;Tais pol\u00edticas s\u00e3o um escudo de prote\u00e7\u00e3o \u00e0 popula\u00e7\u00e3o e \u00e0s empresas para esse per\u00edodo, mas n\u00e3o s\u00e3o um est\u00edmulo sustent\u00e1vel no longo prazo, e, mais que isso, n\u00e3o s\u00e3o capazes de ampliar a capacidade P<\/span><span style=\"font-weight: 400\">rodutiva da economia, sendo portanto tempor\u00e1rias e com efeitos importantes de imediato, mas n\u00e3o seriam eficazes de forma permanente&#8221;.<\/span><\/p>\n<p>&nbsp;<\/p>\n<p><strong>Infla\u00e7\u00e3o<\/strong><\/p>\n<p>&nbsp;<\/p>\n<p><span style=\"font-weight: 400\">A Secretaria de Pol\u00edtica Econ\u00f4mica reviu, por outro lado, as perspectivas para a infla\u00e7\u00e3o brasileira neste ano de 2020. O indicador foi reduzido de 1,77% para 1,6%, ou seja, para ainda mais distante da meta estipulada pelo Conselho Monet\u00e1rio Nacional (CMN), que prev\u00ea uma infla\u00e7\u00e3o de 4%, com um intervalo de toler\u00e2ncia de 1,5 ponto percentual para baixo ou para cima.<\/span><\/p>\n<p>&nbsp;<\/p>\n<p><span style=\"font-weight: 400\">A revis\u00e3o se explica pela redu\u00e7\u00e3o da demanda provocada pela crise do novo coronav\u00edrus, sobretudo no que diz respeito ao consumo de bens industriais e servi\u00e7os n\u00e3o essenciais. Al\u00e9m disso, puxou para baixo a infla\u00e7\u00e3o nos \u00faltimos meses o recuo dos pre\u00e7os internacionais do petr\u00f3leo, que reduziu o pre\u00e7o dos combust\u00edveis, no in\u00edcio da pandemia.\u00a0<\/span><\/p>\n<p>&nbsp;<\/p>\n<p><span style=\"font-weight: 400\">Por outro lado, a SPE lembra que a alimenta\u00e7\u00e3o no domic\u00edlio ficou mais cara nesse per\u00edodo de isolamento social. Por isso, reconhece que a infla\u00e7\u00e3o vai pesar mais para os consumidores de baixa renda. A perspectiva \u00e9 que o \u00cdndice Nacional de Pre\u00e7os ao Consumidor (INPC) suba 2,09% neste ano, diferente da infla\u00e7\u00e3o oficial, que deve marcar 1,6%.<\/span><\/p>\n<p>&nbsp;<\/p>\n<p>Veja os principais dados na apresenta\u00e7\u00e3o da SPE:<\/p>\n<p><a href=\"https:\/\/blogs.correiobraziliense.com.br\/vicente\/wp-content\/uploads\/sites\/16\/2020\/07\/Boletim_macro_Fiscal_2020_7-versa\u0303o-final.pptx\">Boletim_macro_Fiscal_2020_7 (versa\u0303o final)<\/a><\/p>\n<p>&nbsp;<\/p>\n","protected":false},"excerpt":{"rendered":"<p>ROSANA HESSEL MARINA BARBOSA &nbsp; &nbsp; A Secretaria de Pol\u00edtica Econ\u00f4mica (SPE), do Minist\u00e9rio da Economia, manteve as proje\u00e7\u00f5es de queda do Produto Interno Bruto (PIB) de 2020\u00a0 em 4,7%, conforme novo relat\u00f3rio de par\u00e2metros macroecon\u00f4micos divulgado nesta quarta-feira (15\/07). &nbsp; As previs\u00f5es atualizadas da equipe econ\u00f4mica continuam, portanto, mais otimistas do que o mercado. [&hellip;]<\/p>\n","protected":false},"author":22,"featured_media":0,"comment_status":"open","ping_status":"closed","sticky":false,"template":"","format":"standard","meta":{"footnotes":""},"categories":[600],"tags":[3666,58,31,3894],"class_list":["post-14822","post","type-post","status-publish","format-standard","hentry","category-economia","tag-ministerio-da-economia","tag-pib","tag-recessao","tag-spe"],"_links":{"self":[{"href":"https:\/\/blogs.correiobraziliense.com.br\/vicente\/wp-json\/wp\/v2\/posts\/14822","targetHints":{"allow":["GET"]}}],"collection":[{"href":"https:\/\/blogs.correiobraziliense.com.br\/vicente\/wp-json\/wp\/v2\/posts"}],"about":[{"href":"https:\/\/blogs.correiobraziliense.com.br\/vicente\/wp-json\/wp\/v2\/types\/post"}],"author":[{"embeddable":true,"href":"https:\/\/blogs.correiobraziliense.com.br\/vicente\/wp-json\/wp\/v2\/users\/22"}],"replies":[{"embeddable":true,"href":"https:\/\/blogs.correiobraziliense.com.br\/vicente\/wp-json\/wp\/v2\/comments?post=14822"}],"version-history":[{"count":7,"href":"https:\/\/blogs.correiobraziliense.com.br\/vicente\/wp-json\/wp\/v2\/posts\/14822\/revisions"}],"predecessor-version":[{"id":14830,"href":"https:\/\/blogs.correiobraziliense.com.br\/vicente\/wp-json\/wp\/v2\/posts\/14822\/revisions\/14830"}],"wp:attachment":[{"href":"https:\/\/blogs.correiobraziliense.com.br\/vicente\/wp-json\/wp\/v2\/media?parent=14822"}],"wp:term":[{"taxonomy":"category","embeddable":true,"href":"https:\/\/blogs.correiobraziliense.com.br\/vicente\/wp-json\/wp\/v2\/categories?post=14822"},{"taxonomy":"post_tag","embeddable":true,"href":"https:\/\/blogs.correiobraziliense.com.br\/vicente\/wp-json\/wp\/v2\/tags?post=14822"}],"curies":[{"name":"wp","href":"https:\/\/api.w.org\/{rel}","templated":true}]}}