{"id":14819,"date":"2020-07-14T17:16:53","date_gmt":"2020-07-14T20:16:53","guid":{"rendered":"https:\/\/blogs.correiobraziliense.com.br\/vicente\/?p=14819"},"modified":"2020-07-14T19:32:51","modified_gmt":"2020-07-14T22:32:51","slug":"hospitais-privados-temem-efeito-ibaneis-em-relacao-a-leitos-de-utis","status":"publish","type":"post","link":"https:\/\/blogs.correiobraziliense.com.br\/vicente\/hospitais-privados-temem-efeito-ibaneis-em-relacao-a-leitos-de-utis\/","title":{"rendered":"Hospitais privados temem efeito Ibaneis em rela\u00e7\u00e3o a leitos de UTIs"},"content":{"rendered":"<h2>O presidente da Federa\u00e7\u00e3o Brasileira de Hospitais (FBH), Aldev\u00e2nio Francisco Morato, teme que prefeitos e governadores sigam o exemplo do governador de Bras\u00edlia, Ibaneis Rocha, que, na quarta-feira passada (08\/07), publicou decreto que previa a requisi\u00e7\u00e3o administrativa de leitos de UTIs em hospitais da rede privada visando o atendimento de pacientes da covid-19. Ap\u00f3s press\u00e3o do setor, ele voltou atr\u00e1s e revogou a decis\u00e3o no dia seguinte.<\/h2>\n<p>&nbsp;<\/p>\n<p>Contudo, como ainda h\u00e1 cidades que registram crescimento no n\u00famero de casos de infec\u00e7\u00e3o pelo novo coronav\u00edrus, Morato acredita que outros situa\u00e7\u00f5es como a de Bras\u00edlia podem ocorrer. Ele lembra que a Federa\u00e7\u00e3o, com outras entidades, aguarda um posicionamento do Supremo Tribunal Federal (STF) justamente sobre esse tema.<\/p>\n<p>&nbsp;<\/p>\n<p>Para o executivo, a a decis\u00e3o inicial do Governo do Distrito Federal foi de encontro \u00e0 manifesta\u00e7\u00e3o do Conselho Nacional de Justi\u00e7a (CNJ), que, em maio, assentou que a requisi\u00e7\u00e3o de leitos privados s\u00f3 poderia ser tomada ap\u00f3s a realiza\u00e7\u00e3o de chamamento p\u00fablico para contrata\u00e7\u00e3o de leitos privados, caso fracassado, e ap\u00f3s a impossibilidade de contratualiza\u00e7\u00e3o com a iniciativa privada, mediante negocia\u00e7\u00e3o.<\/p>\n<p>&nbsp;<\/p>\n<p><em>Bras\u00edlia, 17h16min<\/em><\/p>\n","protected":false},"excerpt":{"rendered":"<p>O presidente da Federa\u00e7\u00e3o Brasileira de Hospitais (FBH), Aldev\u00e2nio Francisco Morato, teme que prefeitos e governadores sigam o exemplo do governador de Bras\u00edlia, Ibaneis Rocha, que, na quarta-feira passada (08\/07), publicou decreto que previa a requisi\u00e7\u00e3o administrativa de leitos de UTIs em hospitais da rede privada visando o atendimento de pacientes da covid-19. Ap\u00f3s press\u00e3o [&hellip;]<\/p>\n","protected":false},"author":22,"featured_media":0,"comment_status":"open","ping_status":"closed","sticky":false,"template":"","format":"standard","meta":{"footnotes":""},"categories":[600],"tags":[4735,450,4717,4494,4734],"class_list":["post-14819","post","type-post","status-publish","format-standard","hentry","category-economia","tag-federacao","tag-hospitais","tag-ibaneis-rocha","tag-privados","tag-requisicao-de-leitos"],"_links":{"self":[{"href":"https:\/\/blogs.correiobraziliense.com.br\/vicente\/wp-json\/wp\/v2\/posts\/14819","targetHints":{"allow":["GET"]}}],"collection":[{"href":"https:\/\/blogs.correiobraziliense.com.br\/vicente\/wp-json\/wp\/v2\/posts"}],"about":[{"href":"https:\/\/blogs.correiobraziliense.com.br\/vicente\/wp-json\/wp\/v2\/types\/post"}],"author":[{"embeddable":true,"href":"https:\/\/blogs.correiobraziliense.com.br\/vicente\/wp-json\/wp\/v2\/users\/22"}],"replies":[{"embeddable":true,"href":"https:\/\/blogs.correiobraziliense.com.br\/vicente\/wp-json\/wp\/v2\/comments?post=14819"}],"version-history":[{"count":1,"href":"https:\/\/blogs.correiobraziliense.com.br\/vicente\/wp-json\/wp\/v2\/posts\/14819\/revisions"}],"predecessor-version":[{"id":14820,"href":"https:\/\/blogs.correiobraziliense.com.br\/vicente\/wp-json\/wp\/v2\/posts\/14819\/revisions\/14820"}],"wp:attachment":[{"href":"https:\/\/blogs.correiobraziliense.com.br\/vicente\/wp-json\/wp\/v2\/media?parent=14819"}],"wp:term":[{"taxonomy":"category","embeddable":true,"href":"https:\/\/blogs.correiobraziliense.com.br\/vicente\/wp-json\/wp\/v2\/categories?post=14819"},{"taxonomy":"post_tag","embeddable":true,"href":"https:\/\/blogs.correiobraziliense.com.br\/vicente\/wp-json\/wp\/v2\/tags?post=14819"}],"curies":[{"name":"wp","href":"https:\/\/api.w.org\/{rel}","templated":true}]}}