{"id":14815,"date":"2020-07-14T19:37:23","date_gmt":"2020-07-14T22:37:23","guid":{"rendered":"https:\/\/blogs.correiobraziliense.com.br\/vicente\/?p=14815"},"modified":"2020-07-14T19:37:23","modified_gmt":"2020-07-14T22:37:23","slug":"spe-rebate-criticas-e-diz-que-agenda-ambiental-e-prioritaria-no-brasil","status":"publish","type":"post","link":"https:\/\/blogs.correiobraziliense.com.br\/vicente\/spe-rebate-criticas-e-diz-que-agenda-ambiental-e-prioritaria-no-brasil\/","title":{"rendered":"SPE rebate cr\u00edticas e diz que &#8220;agenda ambiental \u00e9 priorit\u00e1ria no Brasil&#8221;"},"content":{"rendered":"<p><span style=\"font-weight: 400\">ROSANA HESSEL<\/span><\/p>\n<p>&nbsp;<\/p>\n<p><span style=\"font-weight: 400\">Em resposta \u00e0s cr\u00edticas ao governo sobre a condu\u00e7\u00e3o das pol\u00edticas ambientais devido ao aumento das queimadas na Amaz\u00f4nia, a Secret\u00e1rio de Pol\u00edtica Econ\u00f4mica (SPE), do Minist\u00e9rio da Economia, afirmou que \u201ca agenda ambiental \u00e9 priorit\u00e1ria no Brasil\u201d e que o \u201ccuidado com o meio ambiente e sua preserva\u00e7\u00e3o para as gera\u00e7\u00f5es futuras \u00e9 um ativo do qual nosso pa\u00eds se orgulha\u201d.\u00a0<\/span><\/p>\n<p><span style=\"font-weight: 400\">\u00a0<\/span><\/p>\n<p><span style=\"font-weight: 400\">\u201cRecentemente, algumas cr\u00edticas sem base nos dados t\u00eam ganhado espa\u00e7o nos notici\u00e1rios e ve\u00edculos de imprensa. Uma vers\u00e3o particularmente danosa dessas cr\u00edticas associa a intensifica\u00e7\u00e3o das queimadas e do desmatamento com poss\u00edvel redu\u00e7\u00e3o do fluxo de investimentos externos direcionados ao Brasil\u201d, destacou o chefe da SPE, Adolfo Sachsida, em nota informativa divulgada nesta ter\u00e7a-feira (14\/07).\u00a0 <\/span><\/p>\n<p>&nbsp;<\/p>\n<p><span style=\"font-weight: 400\">&#8220;O<\/span>\u00a0Brasil est\u00e1 entre os pa\u00edses que mais preservam o meio ambiente no mundo. &#8220;O pa\u00eds tem sido um porto seguro e um destino importante para o fluxo de investimentos diretos estrangeiros\u201d, refor\u00e7ou o secret\u00e1rio.\u00a0Sachisida e o secret\u00e1rio especial de Fazenda, Waldery Rodrigues, apresentam amanh\u00e3 a nova grade de par\u00e2metros macroecon\u00f4micos, com estimativas sobre o Produto Interno Bruto (PIB) e infla\u00e7\u00e3o.<\/p>\n<p><span style=\"font-weight: 400\">\u00a0<\/span><\/p>\n<p><span style=\"font-weight: 400\">No documento de nove p\u00e1ginas, a SPE compara a porcentagem de \u00e1reas preservadas em v\u00e1rios pa\u00edses, onde o Brasil e a R\u00fassia t\u00eam os maiores percentuais, de 12% e 20%.\u00a0<\/span><span style=\"font-weight: 400\">\u00a0A nota ainda destaca\u00a0 que, em 2019, a entrada de investimento estrangeiro no pa\u00eds foi somou US$ 75 bilh\u00f5es.\u00a0As fontes citadas dos dados s\u00e3o a Organiza\u00e7\u00e3o das Na\u00e7\u00f5es Unidas para a Alimenta\u00e7\u00e3o e a Agricultura (FAO) e da\u00a0Confer\u00eancia das Na\u00e7\u00f5es Unidas sobre Com\u00e9rcio e Desenvolvimento (Unctad). <\/span><\/p>\n<p>&nbsp;<\/p>\n<p><span style=\"font-weight: 400\">No entanto, a secretaria n\u00e3o comenta\u00a0<\/span><span style=\"font-weight: 400\">a sa\u00edda l\u00edquida de quase R$ 80,9 bilh\u00f5es de capital de aplicadores n\u00e3o residentes da Bolsa de Valores de S\u00e3o Paulo (B3) apenas no acumulado desde janeiro at\u00e9 10 de julho deste ano. Esse dado reflete desconfian\u00e7a forte de estrangeiros em rela\u00e7\u00e3o ao pa\u00eds, pois esse volume \u00e9 quase o dobro da debandada recorde de R$ 44,6 bilh\u00f5es da B3 no ano passado.<\/span><\/p>\n<p>&nbsp;<\/p>\n<p>Veja abaixo a \u00edntegra da nota da SPE:<\/p>\n<p>&nbsp;<\/p>\n<p><a href=\"https:\/\/blogs.correiobraziliense.com.br\/vicente\/wp-content\/uploads\/sites\/16\/2020\/07\/Nota-Informativa-Preserva\u00e7\u00e3o-Ambiental-e-Investimento-Direto-Estrangeiro.pdf\">Nota Informativa Preserva\u00e7\u00e3o Ambiental e Investimento Direto Estrangeiro<\/a><\/p>\n<p>&nbsp;<\/p>\n<p>&nbsp;<\/p>\n<p>&nbsp;<\/p>\n","protected":false},"excerpt":{"rendered":"<p>ROSANA HESSEL &nbsp; Em resposta \u00e0s cr\u00edticas ao governo sobre a condu\u00e7\u00e3o das pol\u00edticas ambientais devido ao aumento das queimadas na Amaz\u00f4nia, a Secret\u00e1rio de Pol\u00edtica Econ\u00f4mica (SPE), do Minist\u00e9rio da Economia, afirmou que \u201ca agenda ambiental \u00e9 priorit\u00e1ria no Brasil\u201d e que o \u201ccuidado com o meio ambiente e sua preserva\u00e7\u00e3o para as gera\u00e7\u00f5es [&hellip;]<\/p>\n","protected":false},"author":22,"featured_media":0,"comment_status":"open","ping_status":"closed","sticky":false,"template":"","format":"standard","meta":{"footnotes":""},"categories":[600],"tags":[2858,589,460,3894],"class_list":["post-14815","post","type-post","status-publish","format-standard","hentry","category-economia","tag-adolfo-sachsida","tag-economia","tag-meio-ambiente","tag-spe"],"_links":{"self":[{"href":"https:\/\/blogs.correiobraziliense.com.br\/vicente\/wp-json\/wp\/v2\/posts\/14815","targetHints":{"allow":["GET"]}}],"collection":[{"href":"https:\/\/blogs.correiobraziliense.com.br\/vicente\/wp-json\/wp\/v2\/posts"}],"about":[{"href":"https:\/\/blogs.correiobraziliense.com.br\/vicente\/wp-json\/wp\/v2\/types\/post"}],"author":[{"embeddable":true,"href":"https:\/\/blogs.correiobraziliense.com.br\/vicente\/wp-json\/wp\/v2\/users\/22"}],"replies":[{"embeddable":true,"href":"https:\/\/blogs.correiobraziliense.com.br\/vicente\/wp-json\/wp\/v2\/comments?post=14815"}],"version-history":[{"count":2,"href":"https:\/\/blogs.correiobraziliense.com.br\/vicente\/wp-json\/wp\/v2\/posts\/14815\/revisions"}],"predecessor-version":[{"id":14821,"href":"https:\/\/blogs.correiobraziliense.com.br\/vicente\/wp-json\/wp\/v2\/posts\/14815\/revisions\/14821"}],"wp:attachment":[{"href":"https:\/\/blogs.correiobraziliense.com.br\/vicente\/wp-json\/wp\/v2\/media?parent=14815"}],"wp:term":[{"taxonomy":"category","embeddable":true,"href":"https:\/\/blogs.correiobraziliense.com.br\/vicente\/wp-json\/wp\/v2\/categories?post=14815"},{"taxonomy":"post_tag","embeddable":true,"href":"https:\/\/blogs.correiobraziliense.com.br\/vicente\/wp-json\/wp\/v2\/tags?post=14815"}],"curies":[{"name":"wp","href":"https:\/\/api.w.org\/{rel}","templated":true}]}}