{"id":14811,"date":"2020-07-14T15:17:53","date_gmt":"2020-07-14T18:17:53","guid":{"rendered":"https:\/\/blogs.correiobraziliense.com.br\/vicente\/?p=14811"},"modified":"2020-07-14T18:27:48","modified_gmt":"2020-07-14T21:27:48","slug":"bolsonaro-retomara-agenda-com-agrado-a-um-coronel-do-centrao","status":"publish","type":"post","link":"https:\/\/blogs.correiobraziliense.com.br\/vicente\/bolsonaro-retomara-agenda-com-agrado-a-um-coronel-do-centrao\/","title":{"rendered":"Bolsonaro retomar\u00e1 agenda com agrado a um coronel do Centr\u00e3o"},"content":{"rendered":"<h2>O presidente Jair Bolsonaro ainda nem foi liberado pelos m\u00e9dicos para voltar ao trabalho, mas j\u00e1 assumiu compromisso com um dos principais coron\u00e9is do Centr\u00e3o, o senador Ciro Nogueira, do PP do Piau\u00ed.<\/h2>\n<p>&nbsp;<\/p>\n<p>Bolsonaro confirmou para 23 de julho presen\u00e7a em um evento no Parque Nacional da Serra da Capivara, em S\u00e3o Raimundo Nonato, no Sul do Piau\u00ed, onde visitar\u00e1 o Museu do Homem Americano. A viagem tamb\u00e9m incluir\u00e1 uma passagem pela cidade baiana de Campo Alegre de Lourdes, a 66 Km de S\u00e3o Raimundo.<\/p>\n<p>&nbsp;<\/p>\n<p>Essa viagem deveria ter acontecido em 10 de julho, mas o presidente da Rep\u00fablica teve de adiar sua agenda ao ser diagnosticado com a covid-19. Depois de ser liberado da quarentena pelos m\u00e9dicos, ele quer retomar as viagens pelo pa\u00eds para tentar melhorar a popularidade.<\/p>\n<p>&nbsp;<\/p>\n<p><strong>Centr\u00e3o diz que Nordeste \u00e9 estrat\u00e9gico para Bolsonaro<\/strong><\/p>\n<p>&nbsp;<\/p>\n<p>O Nordeste tornou-se estrat\u00e9gico nessa empreitada. Bolsonaro e os filhos consideraram &#8220;espetaculares&#8221; os resultados da recente viagem que ele fez ao Cear\u00e1 para inaugurar um trecho das obras da transposi\u00e7\u00e3o do Rio S\u00e3o Francisco. Para o Planalto, Bolsonaro ganhou muitos pontos com a popula\u00e7\u00e3o mais pobre do Nordeste, reduto ainda dominado pelo PT.<\/p>\n<p>&nbsp;<\/p>\n<p>O senador Ciro Nogueira \u00e9 um dos art\u00edfices dessa nova fase de Bolsonaro, de viajar para o Brasil inaugurando obras. Ele acredita que o presidente precisa sair mais de Bras\u00edlia para criar uma agenda positiva para o governo. E o Nordeste deve ser visto como fundamental nessa empreitada.<\/p>\n<p>&nbsp;<\/p>\n<p><strong>Ciro tenta se fortalecer<\/strong><\/p>\n<p>&nbsp;<\/p>\n<p>O coronel do Centr\u00e3o tamb\u00e9m est\u00e1 buscando tirar proveito da presen\u00e7a de Bolsonaro na regi\u00e3o que ele domina eleitoralmente. Desde o in\u00edcio do m\u00eas, ele vem fazendo uma ampla campanha no estado para dizer que est\u00e1 aproximando o Piau\u00ed do governo federal.<\/p>\n<p>&nbsp;<\/p>\n<p>Ciro Nogueira \u00e9 um especialista no assuno. Tirou enorme proveito da proximidade que tinha com os governos petitas. Tanto que acabou como um dos principais investigados da Lava-Jato. Mas, para Bolsonaro, isso \u00e9 passado. O importante \u00e9 o apoio que o Centr\u00e3o est\u00e1 lhe dando no Congresso, inclusive, para afastar qualquer possibilidade impeachment.<\/p>\n<p>&nbsp;<\/p>\n<p><em>Bras\u00edlia, 15h17min<\/em><\/p>\n","protected":false},"excerpt":{"rendered":"<p>O presidente Jair Bolsonaro ainda nem foi liberado pelos m\u00e9dicos para voltar ao trabalho, mas j\u00e1 assumiu compromisso com um dos principais coron\u00e9is do Centr\u00e3o, o senador Ciro Nogueira, do PP do Piau\u00ed. &nbsp; Bolsonaro confirmou para 23 de julho presen\u00e7a em um evento no Parque Nacional da Serra da Capivara, em S\u00e3o Raimundo Nonato, [&hellip;]<\/p>\n","protected":false},"author":22,"featured_media":14812,"comment_status":"open","ping_status":"closed","sticky":false,"template":"","format":"standard","meta":{"footnotes":""},"categories":[600],"tags":[2554,659,3253,4226,4715,4733,668],"class_list":["post-14811","post","type-post","status-publish","format-standard","has-post-thumbnail","hentry","category-economia","tag-bolsonaro","tag-centrao","tag-ciro-nogueira","tag-coronel","tag-covid","tag-piaui","tag-viagem"],"_links":{"self":[{"href":"https:\/\/blogs.correiobraziliense.com.br\/vicente\/wp-json\/wp\/v2\/posts\/14811","targetHints":{"allow":["GET"]}}],"collection":[{"href":"https:\/\/blogs.correiobraziliense.com.br\/vicente\/wp-json\/wp\/v2\/posts"}],"about":[{"href":"https:\/\/blogs.correiobraziliense.com.br\/vicente\/wp-json\/wp\/v2\/types\/post"}],"author":[{"embeddable":true,"href":"https:\/\/blogs.correiobraziliense.com.br\/vicente\/wp-json\/wp\/v2\/users\/22"}],"replies":[{"embeddable":true,"href":"https:\/\/blogs.correiobraziliense.com.br\/vicente\/wp-json\/wp\/v2\/comments?post=14811"}],"version-history":[{"count":1,"href":"https:\/\/blogs.correiobraziliense.com.br\/vicente\/wp-json\/wp\/v2\/posts\/14811\/revisions"}],"predecessor-version":[{"id":14813,"href":"https:\/\/blogs.correiobraziliense.com.br\/vicente\/wp-json\/wp\/v2\/posts\/14811\/revisions\/14813"}],"wp:featuredmedia":[{"embeddable":true,"href":"https:\/\/blogs.correiobraziliense.com.br\/vicente\/wp-json\/wp\/v2\/media\/14812"}],"wp:attachment":[{"href":"https:\/\/blogs.correiobraziliense.com.br\/vicente\/wp-json\/wp\/v2\/media?parent=14811"}],"wp:term":[{"taxonomy":"category","embeddable":true,"href":"https:\/\/blogs.correiobraziliense.com.br\/vicente\/wp-json\/wp\/v2\/categories?post=14811"},{"taxonomy":"post_tag","embeddable":true,"href":"https:\/\/blogs.correiobraziliense.com.br\/vicente\/wp-json\/wp\/v2\/tags?post=14811"}],"curies":[{"name":"wp","href":"https:\/\/api.w.org\/{rel}","templated":true}]}}