{"id":14801,"date":"2020-07-14T11:01:31","date_gmt":"2020-07-14T14:01:31","guid":{"rendered":"https:\/\/blogs.correiobraziliense.com.br\/vicente\/?p=14801"},"modified":"2020-07-14T12:54:19","modified_gmt":"2020-07-14T15:54:19","slug":"bolsonaro-nao-vai-brigar-publicamente-com-gilmar-mendes-para-tentar-proteger-flavio","status":"publish","type":"post","link":"https:\/\/blogs.correiobraziliense.com.br\/vicente\/bolsonaro-nao-vai-brigar-publicamente-com-gilmar-mendes-para-tentar-proteger-flavio\/","title":{"rendered":"Bolsonaro n\u00e3o vai brigar publicamente com Gilmar Mendes para tentar proteger Fl\u00e1vio"},"content":{"rendered":"<h2>De bobo, o presidente Jair Bolsonaro n\u00e3o tem nada. Ele j\u00e1 avisou a aliados que, neste momento, n\u00e3o brigar\u00e1 publicamente com o ministro Gilmar Mendes, do Supremo Tribunal Federal (STF), por uma raz\u00e3o simples: quer proteger o filho Fl\u00e1vio, senador da Rep\u00fablica.<\/h2>\n<p>&nbsp;<\/p>\n<p>Gilmar Mendes \u00e9 o relator do processo que decidir\u00e1 se o inqu\u00e9rito sobre as rachadinhas na Assembleia Legislativa do Rio de Janeiro ser\u00e1 conduzido pela primeira ou pela segunda inst\u00e2ncia. O Tribunal de Justi\u00e7a do Rio decidiu que o senador Fl\u00e1vio Bolsonaro tem direito a foro privilegiado, mesmo com os fatos investigados tendo ocorridos antes de ele ser eleito para o Senado.<\/p>\n<p>&nbsp;<\/p>\n<p>Pelas regras do Supremo, Fl\u00e1vio deve continuar sendo investigado na primeira inst\u00e2ncia, na qual o\u00a0juiz do caso, Fl\u00e1vio Itabaiana Nicolau, imp\u00f4s uma s\u00e9rie de derrotas ao senador. Inclusive, determinou a <a href=\"https:\/\/www.correiobraziliense.com.br\/app\/noticia\/politica\/2020\/06\/18\/interna_politica,864774\/ex-assessor-de-flavio-bolsonaro-fabricio-queiroz-e-preso-em-atibaia.shtml\">pris\u00e3o de Fabr\u00edcio Queiroz<\/a> e da mulher dele, M\u00e1rcia Aguiar. Por determina\u00e7\u00e3o do Superior Tribunal de Justi\u00e7a (STJ), t<a href=\"https:\/\/www.correiobraziliense.com.br\/app\/noticia\/politica\/2020\/07\/10\/interna_politica,871256\/queiroz-deixa-prisao-com-tornozeleira-eletronica-e-cumprira-prisao-em.shtml\">anto Queiroz quanto a mulher cumprem pris\u00e3o domiciliar<\/a>.<\/p>\n<p>&nbsp;<\/p>\n<p>Nos bastidores, por\u00e9m, <a href=\"https:\/\/blogs.correiobraziliense.com.br\/vicente\/bolsonaro-deu-aval-para-militares-partirem-para-cima-de-gilmar-mendes\/\">Bolsonaro deu aval ao ministro da Defesa<\/a>, Fernando Azevedo e Silva e aos chefes das Tr\u00eas For\u00e7as \u2014 Ex\u00e9rcito, Marinha e Aeron\u00e1utica \u2014 para soltarem uma dura nota na qual classificam como &#8220;leviana&#8221; a declara\u00e7\u00e3o de Gilmar Mendes.<\/p>\n<p>&nbsp;<\/p>\n<p>O ministro do STF afirmou que o Ex\u00e9rcito est\u00e1 se associando ao &#8220;genoc\u00eddio&#8221; devido \u00e0 falta de uma pol\u00edtica consistente do Minist\u00e9rio da Sa\u00fade para o combate \u00e0 pandemia do novo coronav\u00edrus. A sa\u00fade \u00e9 comandada por um general tr\u00eas estrelas, <a href=\"https:\/\/blogs.correiobraziliense.com.br\/vicente\/pressao-de-militares-para-pazuello-ir-para-a-reserva-vai-aumentar\/\">Eduardo Pazuello, que sofre press\u00e3o dos militares para se transferir para a reserva<\/a>.<\/p>\n<p>&nbsp;<\/p>\n<p><strong>Gilmar se mant\u00e9m firme<\/strong><\/p>\n<p>&nbsp;<\/p>\n<p>Gilmar Mendes d\u00e1 sinais de que n\u00e3o se intimidou com as amea\u00e7as dos militares de o acionarem na Procuradoria-Geral da Rep\u00fablica. Nesta ter\u00e7a-feira (14\/07), <a href=\"https:\/\/www.correiobraziliense.com.br\/app\/noticia\/politica\/2020\/07\/14\/interna_politica,871995\/gilmar-diz-que-militares-foram-recrutados-para-politica-ineficaz-de-s.shtml\">voltou a cobrar o Minist\u00e9rio da Sa\u00fade por uma pol\u00edtica mais eficiente de combate \u00e0 covid-19<\/a>.<\/p>\n<p>&nbsp;<\/p>\n<p>Em nota, o ministro do STF deu a entender que o presidente Jair <a href=\"https:\/\/www.correiobraziliense.com.br\/app\/noticia\/politica\/2020\/07\/14\/interna_politica,872027\/gilmar-diz-que-bolsonaro-se-esquece-de-decisao-do-stf-sobre-pandemia.shtml\">Bolsonaro est\u00e1 usando os militares para jogar a culpa<\/a> por tantas mortes no pa\u00eds pela covid-19 no colo da mais alta Corte, de estados e munic\u00edpios.<\/p>\n<p>&nbsp;<\/p>\n<p>Mendes disse que Bolsonaro s\u00f3 lembra de parte da decis\u00e3o do STF sobre a pandemia, garantindo a autonomia a prefeitos e governadores de definirem politicas de isolamento social. O presidente se esqueceu de que a decis\u00e3o do Supremo foi a de que a\u00a0gest\u00e3o da Sa\u00fade deve ser compartilhada.<\/p>\n<p>&nbsp;<\/p>\n<p>Enfim, esse clima de tens\u00e3o vai continuar. Contundo, por enquanto, Bolsonaro deixar\u00e1 os militares na linha de frente da briga com Gilmar Mendes. Quer deixar as portas abertas para uma aproxima\u00e7\u00e3o com o ministro do STF quando lhe for conveniente. O senador Fl\u00e1vio agradece.<\/p>\n<p>&nbsp;<\/p>\n<p><em>Bras\u00edlia, 11h01min<\/em><\/p>\n","protected":false},"excerpt":{"rendered":"<p>De bobo, o presidente Jair Bolsonaro n\u00e3o tem nada. Ele j\u00e1 avisou a aliados que, neste momento, n\u00e3o brigar\u00e1 publicamente com o ministro Gilmar Mendes, do Supremo Tribunal Federal (STF), por uma raz\u00e3o simples: quer proteger o filho Fl\u00e1vio, senador da Rep\u00fablica. &nbsp; Gilmar Mendes \u00e9 o relator do processo que decidir\u00e1 se o inqu\u00e9rito [&hellip;]<\/p>\n","protected":false},"author":22,"featured_media":13776,"comment_status":"open","ping_status":"closed","sticky":false,"template":"","format":"standard","meta":{"footnotes":""},"categories":[600],"tags":[2554,4463,2563,3697,4727,1088,769,192],"class_list":["post-14801","post","type-post","status-publish","format-standard","has-post-thumbnail","hentry","category-economia","tag-bolsonaro","tag-briga","tag-exercito","tag-flavio","tag-genocidio","tag-gilmar-mendes","tag-militares","tag-stf"],"_links":{"self":[{"href":"https:\/\/blogs.correiobraziliense.com.br\/vicente\/wp-json\/wp\/v2\/posts\/14801","targetHints":{"allow":["GET"]}}],"collection":[{"href":"https:\/\/blogs.correiobraziliense.com.br\/vicente\/wp-json\/wp\/v2\/posts"}],"about":[{"href":"https:\/\/blogs.correiobraziliense.com.br\/vicente\/wp-json\/wp\/v2\/types\/post"}],"author":[{"embeddable":true,"href":"https:\/\/blogs.correiobraziliense.com.br\/vicente\/wp-json\/wp\/v2\/users\/22"}],"replies":[{"embeddable":true,"href":"https:\/\/blogs.correiobraziliense.com.br\/vicente\/wp-json\/wp\/v2\/comments?post=14801"}],"version-history":[{"count":4,"href":"https:\/\/blogs.correiobraziliense.com.br\/vicente\/wp-json\/wp\/v2\/posts\/14801\/revisions"}],"predecessor-version":[{"id":14805,"href":"https:\/\/blogs.correiobraziliense.com.br\/vicente\/wp-json\/wp\/v2\/posts\/14801\/revisions\/14805"}],"wp:featuredmedia":[{"embeddable":true,"href":"https:\/\/blogs.correiobraziliense.com.br\/vicente\/wp-json\/wp\/v2\/media\/13776"}],"wp:attachment":[{"href":"https:\/\/blogs.correiobraziliense.com.br\/vicente\/wp-json\/wp\/v2\/media?parent=14801"}],"wp:term":[{"taxonomy":"category","embeddable":true,"href":"https:\/\/blogs.correiobraziliense.com.br\/vicente\/wp-json\/wp\/v2\/categories?post=14801"},{"taxonomy":"post_tag","embeddable":true,"href":"https:\/\/blogs.correiobraziliense.com.br\/vicente\/wp-json\/wp\/v2\/tags?post=14801"}],"curies":[{"name":"wp","href":"https:\/\/api.w.org\/{rel}","templated":true}]}}