{"id":14775,"date":"2020-07-13T16:15:27","date_gmt":"2020-07-13T19:15:27","guid":{"rendered":"https:\/\/blogs.correiobraziliense.com.br\/vicente\/?p=14775"},"modified":"2020-07-13T17:11:43","modified_gmt":"2020-07-13T20:11:43","slug":"bolsonaro-deu-aval-para-militares-partirem-para-cima-de-gilmar-mendes","status":"publish","type":"post","link":"https:\/\/blogs.correiobraziliense.com.br\/vicente\/bolsonaro-deu-aval-para-militares-partirem-para-cima-de-gilmar-mendes\/","title":{"rendered":"Bolsonaro deu aval para militares partirem para cima de Gilmar Mendes"},"content":{"rendered":"<h2>A nota divulgada nesta segunda-feira (13\/07) pelo ministro da Defesa, Fernando Azevedo e Silva, e os chefes das Tr\u00eas For\u00e7as \u2014 Marinha, Ex\u00e9rcito e Aeron\u00e1utica \u2014 confrontando o ministro Gilmar Mendes, do Supremo Tribunal Federal (STF), teve aval do presidente Jair Bolsonaro. Ele concordou que os militares partissem para cima de Mendes.<\/h2>\n<p>&nbsp;<\/p>\n<p>J\u00e1 no s\u00e1bado (11\/07) \u00e0 noite, Azevedo e Silva estava disposto a dar uma resposta ao ministro do STF, depois de ele declarar que o <a href=\"https:\/\/www.correiobraziliense.com.br\/app\/noticia\/politica\/2020\/07\/11\/interna_politica,871422\/gilmar-mendes-aponta-que-exercito-esta-se-associando-a-genocidio-no.shtml\">Ex\u00e9rcito estava se associando ao genoc\u00eddio<\/a>, diante da falta de a\u00e7\u00e3o do Minist\u00e9rio da Sa\u00fade para conter o n\u00famero de mortes no pa\u00eds pela covid-19. A pasta da Sa\u00fade \u00e9 chefiada hoje por um general tr\u00eas estrelas, Eduardo Pazuello.<\/p>\n<p>&nbsp;<\/p>\n<p>Mesmo indignado com Gilmar, o ministro da Defesa preferiu soltar, no s\u00e1bado \u00e0 noite, uma nota mais gen\u00e9rica ressaltando todo o trabalho feito pelas For\u00e7as Armadas no enfrentamento da pandemia do novo coronav\u00edrus. Ao mesmo tempo, Azevedo e Silva esperava uma retra\u00e7\u00e3o p\u00fablica do ministro do STF.<\/p>\n<p>&nbsp;<\/p>\n<p><strong>Desculpas de Gilmar n\u00e3o veio<\/strong><\/p>\n<p>&nbsp;<\/p>\n<p>Gilmar at\u00e9 tentou se desculpar pelo uso do termo &#8220;genoc\u00eddio&#8221;. Numa mensagem nas redes sociais, disse que respeitava as For\u00e7as Armadas, mas, logo adiante, voltou a atacar o Minist\u00e9rio da Sa\u00fade, criticando a militariza\u00e7\u00e3o da pasta, sem se desculpar pela declara\u00e7\u00e3o anterior.<\/p>\n<p>&nbsp;<\/p>\n<p>No domingo (12\/07), come\u00e7ou a se definir uma a\u00e7\u00e3o mais contundente contra Gilmar. Em vez de s\u00f3 o ministro da Defesa assinar uma nota de rep\u00fadio, os comandantes das Tr\u00eas For\u00e7as endossaram a posi\u00e7\u00e3o, com o intuito de ressaltar que o rep\u00fadio \u00e9 geral.<\/p>\n<p>&nbsp;<\/p>\n<p>A determina\u00e7\u00e3o do ministro e dos chefes das Tr\u00eas For\u00e7as \u00e9 de levar o caso adiante e pressionar para que a Procuradoria-Geral da Rep\u00fablica (PGR) insista numa representa\u00e7\u00e3o contra Gilmar. Os militares querem uma retrata\u00e7\u00e3o p\u00fablica do ministro do STF.<\/p>\n<p>&nbsp;<\/p>\n<p><strong>A\u00e7\u00e3o en\u00e9rgica contra ministro do Supremo<\/strong><\/p>\n<p>&nbsp;<\/p>\n<p>Como o caso se institucionalizou, com as Tr\u00eas For\u00e7as endossando o documento preparado pelo ministro da Defesa, Bolsonaro foi acionado e deu completo aval para a <a href=\"https:\/\/www.correiobraziliense.com.br\/app\/noticia\/politica\/2020\/07\/13\/interna_politica,871738\/ministro-da-defesa-vai-acionar-a-pgr-contra-ministro-gilmar-mendes.shtml\">nota divulgada nesta segunda<\/a>. Ele concordou que o momento exigia uma a\u00e7\u00e3o en\u00e9rgica contra o ministro do Supremo, que, na vis\u00e3o dos militares, passou dos limites.<\/p>\n<p>&nbsp;<\/p>\n<p>&#8220;Coment\u00e1rios dessa natureza, completamente afastados dos fatos, causam indigna\u00e7\u00e3o. Trata-se de uma acusa\u00e7\u00e3o grave, al\u00e9m de infundada, irrespons\u00e1vel e, sobretudo, leviana. O ataque gratuito a institui\u00e7\u00f5es de Estado n\u00e3o fortalece a democracia&#8221;, diz a nota assinada por Azevedo e Silva e pelos comandantes do Ex\u00e9rcito, general Edson Pujol; da Marinha, almirante Ilques Barbosa Junior; e da Aeron\u00e1utica, brigadeiro Ant\u00f4nio Carlos Moretti Bermudez.<\/p>\n<p>&nbsp;<\/p>\n<p><em>Bras\u00edlia, 16h15min<\/em><\/p>\n","protected":false},"excerpt":{"rendered":"<p>A nota divulgada nesta segunda-feira (13\/07) pelo ministro da Defesa, Fernando Azevedo e Silva, e os chefes das Tr\u00eas For\u00e7as \u2014 Marinha, Ex\u00e9rcito e Aeron\u00e1utica \u2014 confrontando o ministro Gilmar Mendes, do Supremo Tribunal Federal (STF), teve aval do presidente Jair Bolsonaro. Ele concordou que os militares partissem para cima de Mendes. &nbsp; J\u00e1 no [&hellip;]<\/p>\n","protected":false},"author":22,"featured_media":14408,"comment_status":"open","ping_status":"closed","sticky":false,"template":"","format":"standard","meta":{"footnotes":""},"categories":[600],"tags":[2554,4505,2563,1592,4727,1088,4728,172,4187,579],"class_list":["post-14775","post","type-post","status-publish","format-standard","has-post-thumbnail","hentry","category-economia","tag-bolsonaro","tag-covid-19","tag-exercito","tag-forcas-armadas","tag-genocidio","tag-gilmar-mendes","tag-leviana","tag-ministerio-da-defesa","tag-nota","tag-saude"],"_links":{"self":[{"href":"https:\/\/blogs.correiobraziliense.com.br\/vicente\/wp-json\/wp\/v2\/posts\/14775","targetHints":{"allow":["GET"]}}],"collection":[{"href":"https:\/\/blogs.correiobraziliense.com.br\/vicente\/wp-json\/wp\/v2\/posts"}],"about":[{"href":"https:\/\/blogs.correiobraziliense.com.br\/vicente\/wp-json\/wp\/v2\/types\/post"}],"author":[{"embeddable":true,"href":"https:\/\/blogs.correiobraziliense.com.br\/vicente\/wp-json\/wp\/v2\/users\/22"}],"replies":[{"embeddable":true,"href":"https:\/\/blogs.correiobraziliense.com.br\/vicente\/wp-json\/wp\/v2\/comments?post=14775"}],"version-history":[{"count":1,"href":"https:\/\/blogs.correiobraziliense.com.br\/vicente\/wp-json\/wp\/v2\/posts\/14775\/revisions"}],"predecessor-version":[{"id":14776,"href":"https:\/\/blogs.correiobraziliense.com.br\/vicente\/wp-json\/wp\/v2\/posts\/14775\/revisions\/14776"}],"wp:featuredmedia":[{"embeddable":true,"href":"https:\/\/blogs.correiobraziliense.com.br\/vicente\/wp-json\/wp\/v2\/media\/14408"}],"wp:attachment":[{"href":"https:\/\/blogs.correiobraziliense.com.br\/vicente\/wp-json\/wp\/v2\/media?parent=14775"}],"wp:term":[{"taxonomy":"category","embeddable":true,"href":"https:\/\/blogs.correiobraziliense.com.br\/vicente\/wp-json\/wp\/v2\/categories?post=14775"},{"taxonomy":"post_tag","embeddable":true,"href":"https:\/\/blogs.correiobraziliense.com.br\/vicente\/wp-json\/wp\/v2\/tags?post=14775"}],"curies":[{"name":"wp","href":"https:\/\/api.w.org\/{rel}","templated":true}]}}