{"id":14770,"date":"2020-07-13T14:35:29","date_gmt":"2020-07-13T17:35:29","guid":{"rendered":"https:\/\/blogs.correiobraziliense.com.br\/vicente\/?p=14770"},"modified":"2020-07-13T14:38:17","modified_gmt":"2020-07-13T17:38:17","slug":"novo-normal-tera-mudancas-no-comportamento-do-investidor-diz-ubs","status":"publish","type":"post","link":"https:\/\/blogs.correiobraziliense.com.br\/vicente\/novo-normal-tera-mudancas-no-comportamento-do-investidor-diz-ubs\/","title":{"rendered":"Novo normal ter\u00e1 mudan\u00e7as no comportamento do investidor, diz UBS"},"content":{"rendered":"<p>ROSANA HESSEL<\/p>\n<p>&nbsp;<\/p>\n<p><span style=\"font-weight: 400\">Devido \u00e0 recess\u00e3o provocada pela pandemia de covid-19, 75% dos grandes investidores globais acreditam que a vida dos investidores nunca mais ser\u00e1 a mesma, de acordo com a pesquisa UBS Investor Watch, do banco su\u00ed\u00e7o UBS, divulgada nesta segunda-feira (13\/07). Logo, o novo normal n\u00e3o ser\u00e1 como antes.<\/span><\/p>\n<p><span style=\"font-weight: 400\">\u00a0<\/span><\/p>\n<p><span style=\"font-weight: 400\">De acordo com o estudo, que entrevistou mais de 3.750 investidores em 15 mercados em todo o mundo, os entrevistados est\u00e3o planejando ajustes no estilo de vida depois da pandemia. O levantamento revelou que sete entre dez investidores v\u00e3o reduzir, de agora em diante, viagens e deslocamentos ao escrit\u00f3rio. A metade pretende mudar-se para mais perto da fam\u00edlia<\/span><span style=\"font-weight: 400\">.<\/span><\/p>\n<p>&nbsp;<\/p>\n<p><span style=\"font-weight: 400\">Segundo o\u00a0UBS Investor Watch, 46% dos entrevistados disseram que podem abandonar as cidades em troca de \u00e1reas menos populosas. E 80% afirmam que se manter saud\u00e1vel ser\u00e1 a prioridade.\u00a0<\/span><span style=\"font-weight: 400\">Investidores latino-americanos s\u00e3o os mais propensos a contemplar um impacto\u00a0<\/span><span style=\"font-weight: 400\">duradouro da pandemia, seguidos por investidores nos EUA, segundo o banco su\u00ed\u00e7o.<\/span><\/p>\n<p>&nbsp;<\/p>\n<p><span style=\"font-weight: 400\">A enquete ainda revelou que 77% dos investidores tamb\u00e9m afirmam que a pandemia afetou a forma como pensam sobre dinheiro. Mais da metade, 56%, se preocupam por n\u00e3o ter economizado o suficiente se houver outra pandemia, e 58% pretendem trabalhar por mais tempo para compensar os preju\u00edzos na aposentadoria. O banco informou ainda que 60% est\u00e3o preocupados com a sobrecarga financeira sobre a fam\u00edlia se eles adoecerem e 54% querem deixar recursos financeiros suficientes para a pr\u00f3xima gera\u00e7\u00e3o.<\/span><\/p>\n<p>&nbsp;<\/p>\n<p><span style=\"font-weight: 400\">No geral, de acordo com a pesquisa, 83% dos investidores querem mais orienta\u00e7\u00e3o do que o usual do seu consultor financeiro em suas quest\u00f5es financeiras durante a pandemia.<\/span><\/p>\n<p>&nbsp;<\/p>\n<p><strong>EUA e Am\u00e9rica Latina<\/strong><\/p>\n<p>&nbsp;<\/p>\n<p>Conforme a pesquisa,\u00a0 82% dos investidores dos EUA consideram que\u00a0seu antigo modo de vida mudou para sempre, o que est\u00e1 acima da m\u00e9dia mundial de 75%. Contudo,\u00a0somente 22% afirmam que a pandemia os afetou significativamente, abaixo da m\u00e9dia global de 25%.<\/p>\n<p>&nbsp;<\/p>\n<p>Os investidores latino-americanos acham que foram os mais afetados pela pandemia, tanto em termos<br \/>\nfinanceiros como em estilo de vida. No entanto, eles tamb\u00e9m est\u00e3o mais propensos a verem o lado<br \/>\npositivo na volatilidade de mercado associada, pois 84% dos latino-americanos veem a volatilidade de mercado como uma oportunidade de investimento, em compara\u00e7\u00e3o \u00e0 m\u00e9dia global de 79%.<\/p>\n<p>&nbsp;<\/p>\n","protected":false},"excerpt":{"rendered":"<p>ROSANA HESSEL &nbsp; Devido \u00e0 recess\u00e3o provocada pela pandemia de covid-19, 75% dos grandes investidores globais acreditam que a vida dos investidores nunca mais ser\u00e1 a mesma, de acordo com a pesquisa UBS Investor Watch, do banco su\u00ed\u00e7o UBS, divulgada nesta segunda-feira (13\/07). Logo, o novo normal n\u00e3o ser\u00e1 como antes. \u00a0 De acordo com [&hellip;]<\/p>\n","protected":false},"author":22,"featured_media":0,"comment_status":"open","ping_status":"closed","sticky":false,"template":"","format":"standard","meta":{"footnotes":""},"categories":[600],"tags":[4726,2341,4505,4510,465,2763],"class_list":["post-14770","post","type-post","status-publish","format-standard","hentry","category-economia","tag-comportamento","tag-consumo","tag-covid-19","tag-pandemia","tag-pesquisa","tag-ubs"],"_links":{"self":[{"href":"https:\/\/blogs.correiobraziliense.com.br\/vicente\/wp-json\/wp\/v2\/posts\/14770","targetHints":{"allow":["GET"]}}],"collection":[{"href":"https:\/\/blogs.correiobraziliense.com.br\/vicente\/wp-json\/wp\/v2\/posts"}],"about":[{"href":"https:\/\/blogs.correiobraziliense.com.br\/vicente\/wp-json\/wp\/v2\/types\/post"}],"author":[{"embeddable":true,"href":"https:\/\/blogs.correiobraziliense.com.br\/vicente\/wp-json\/wp\/v2\/users\/22"}],"replies":[{"embeddable":true,"href":"https:\/\/blogs.correiobraziliense.com.br\/vicente\/wp-json\/wp\/v2\/comments?post=14770"}],"version-history":[{"count":4,"href":"https:\/\/blogs.correiobraziliense.com.br\/vicente\/wp-json\/wp\/v2\/posts\/14770\/revisions"}],"predecessor-version":[{"id":14774,"href":"https:\/\/blogs.correiobraziliense.com.br\/vicente\/wp-json\/wp\/v2\/posts\/14770\/revisions\/14774"}],"wp:attachment":[{"href":"https:\/\/blogs.correiobraziliense.com.br\/vicente\/wp-json\/wp\/v2\/media?parent=14770"}],"wp:term":[{"taxonomy":"category","embeddable":true,"href":"https:\/\/blogs.correiobraziliense.com.br\/vicente\/wp-json\/wp\/v2\/categories?post=14770"},{"taxonomy":"post_tag","embeddable":true,"href":"https:\/\/blogs.correiobraziliense.com.br\/vicente\/wp-json\/wp\/v2\/tags?post=14770"}],"curies":[{"name":"wp","href":"https:\/\/api.w.org\/{rel}","templated":true}]}}