{"id":14757,"date":"2020-07-13T12:11:07","date_gmt":"2020-07-13T15:11:07","guid":{"rendered":"https:\/\/blogs.correiobraziliense.com.br\/vicente\/?p=14757"},"modified":"2020-07-13T12:11:07","modified_gmt":"2020-07-13T15:11:07","slug":"fgvpib-brasileiro-entre-2020-e-2021-sera-um-dos-piores-do-mundo","status":"publish","type":"post","link":"https:\/\/blogs.correiobraziliense.com.br\/vicente\/fgvpib-brasileiro-entre-2020-e-2021-sera-um-dos-piores-do-mundo\/","title":{"rendered":"FGV:PIB brasileiro entre 2020 e 2021 ser\u00e1 um dos piores do mundo"},"content":{"rendered":"<p><span style=\"font-weight: 400\">ROSANA HESSEL<\/span><\/p>\n<p>&nbsp;<\/p>\n<p><span style=\"font-weight: 400\">Devido \u00e0 recess\u00e3o global profunda que est\u00e1 se formando devido \u00e0 pandemia de covid-19, o Produto Interno Bruto (PIB) do Brasil est\u00e1 na lista dos que devem ser mais afetados, apesar de o otimismo vir ganhando corpo entre os operadores do mercado financeiro.\u00a0 Pela m\u00e9dia das proje\u00e7\u00f5es de 2020 e 2021, o pa\u00eds ficar\u00e1 entre os 10 piores desempenhos entre 33 pa\u00edses, conforme dados coletados por\u00a0<\/span><span style=\"font-weight: 400\">Marcel Balassiano, pesquisador do Instituto Brasileiro de Economia da Funda\u00e7\u00e3o Getulio Vargas (Ibre-FGV).<\/span><\/p>\n<p>&nbsp;<\/p>\n<p><span style=\"font-weight: 400\">O economista fez uma compara\u00e7\u00e3o entre as proje\u00e7\u00f5es do mercado e do Fundo Monet\u00e1rio Internacional (FMI) e constatou que o tombo do PIB brasileiro ser\u00e1 grande em todos os casos. Enquanto o FMI, prev\u00ea retra\u00e7\u00e3o de 9,1% no PIB brasileiro, o Ibre estima recuo de 6,4%. Para 2021, as proje\u00e7\u00f5es de crescimento s\u00e3o de, 3,6%, e de 2,5%, respectivamente. O levantamento tamb\u00e9m\u00a0<\/span><span style=\"font-weight: 400\">levou em considera\u00e7\u00e3o a previs\u00e3o da pesquisa semanal Focus, do Banco Central, de queda de 6,5%, em 2020 e, de crescimento de 3,5%, em 2021, e comparou o desempenho m\u00e9dio no bi\u00eanio 2020 e 2021.<\/span><\/p>\n<p>&nbsp;<\/p>\n<p><span style=\"font-weight: 400\">Pelas contas de Balassiano, com as proje\u00e7\u00f5es do FMI, mais pessimistas do que as proje\u00e7\u00f5es brasileiras, o PIB brasileiro deve apresentar um recuo m\u00e9dio de 3%, entre 2020 e 2021. Pela m\u00e9dia das estimativas do Ibre, essa m\u00e9dia de queda ser\u00e1 de 2,1% no bi\u00eanio, e, pela m\u00e9dia do Focus, de -1,6%. \u201cAo se considerar as proje\u00e7\u00f5es do FMI em uma amostra de 30 pa\u00edses selecionados, o Brasil vai apresentar o sexto pior desempenho no bi\u00eanio. Com as proje\u00e7\u00f5es do Ibre, passa para o oitavo pior desempenho. E, com uma queda m\u00e9dia do Focus, haveria 12 pa\u00edses com desempenho pior e tr\u00eas com a mesma taxa de Ir\u00e3, Holanda e Tail\u00e2ndia\u201d, afirma.<\/span><\/p>\n<p>&nbsp;<\/p>\n<p>O economista do Ibre refor\u00e7a que ainda n\u00e3o d\u00e1 para ser otimista com a retomada da economia.\u00a0<span style=\"font-weight: 400\">\u201cO alto grau de incerteza desta crise ajuda a explicar a diferen\u00e7a grande para as duas proje\u00e7\u00f5es. S\u00e3o muitas incertezas, no Brasil e no mundo, sobre o tamanho da perda e, principalmente, sobre o processo de retomada ap\u00f3s a flexibiliza\u00e7\u00e3o e o comportamento dos consumidores. Ainda h\u00e1 d\u00favidas sobre a possibilidade de segunda onda e se haveria um novo fechamento integral. Ainda, mais para frente, quando acabarem os aux\u00edlios emergenciais, entre outras quest\u00f5es, n\u00e3o h\u00e1 uma clareza sobre o comportamento da economia\u201d, explica.<\/span><\/p>\n<p>&nbsp;<\/p>\n<p><span style=\"font-weight: 400\">De acordo com Balassiano, a maior diferen\u00e7a at\u00e9 ent\u00e3o entre as proje\u00e7\u00f5es do FMI e da Focus ocorreu em 2009. \u201cFoi\u00a0 justamente na \u00faltima recess\u00e3o mundial. O Fundo esperava uma queda de 1,3%, e o Focus, de 0,4%. E, no final, a taxa efetiva foi de recuo de 0,1%, mais pr\u00f3xima das proje\u00e7\u00f5es da Focus do as que do FMI\u201d, compara. Para ele, como as proje\u00e7\u00f5es de junho do FMI e do Focus ficaram pr\u00f3ximas nos \u00faltimos 13 anos, com exce\u00e7\u00e3o de 2009, os desvios tamb\u00e9m n\u00e3o divergiram muito.\u00a0<\/span><\/p>\n<p>&nbsp;<\/p>\n<p><span style=\"font-weight: 400\">Sobre os dados mais de curto prazo, se por um lado houve uma surpresa positiva sobre as vendas no varejo de maio, o setor de servi\u00e7os veio abaixo do esperado e apresentou queda, o que n\u00e3o dissipa as incertezas sobre uma retomada mais acelerada. \u201cApesar da alta incerteza, as expectativas de mercado se \u2018estabilizaram\u2019 no patamar de uma queda de 6,5% j\u00e1 desde o come\u00e7o de junho, mantendo a diverg\u00eancia para as proje\u00e7\u00f5es mais \u2018pessimistas\u2019 do FMI e do Banco Mundial, que prev\u00ea retra\u00e7\u00e3o de 8%&#8221;, compara.<\/span><\/p>\n<p>&nbsp;<\/p>\n","protected":false},"excerpt":{"rendered":"<p>ROSANA HESSEL &nbsp; Devido \u00e0 recess\u00e3o global profunda que est\u00e1 se formando devido \u00e0 pandemia de covid-19, o Produto Interno Bruto (PIB) do Brasil est\u00e1 na lista dos que devem ser mais afetados, apesar de o otimismo vir ganhando corpo entre os operadores do mercado financeiro.\u00a0 Pela m\u00e9dia das proje\u00e7\u00f5es de 2020 e 2021, o [&hellip;]<\/p>\n","protected":false},"author":22,"featured_media":0,"comment_status":"open","ping_status":"closed","sticky":false,"template":"","format":"standard","meta":{"footnotes":""},"categories":[600],"tags":[589,535,3300,58,31],"class_list":["post-14757","post","type-post","status-publish","format-standard","hentry","category-economia","tag-economia","tag-fgv","tag-ibre","tag-pib","tag-recessao"],"_links":{"self":[{"href":"https:\/\/blogs.correiobraziliense.com.br\/vicente\/wp-json\/wp\/v2\/posts\/14757","targetHints":{"allow":["GET"]}}],"collection":[{"href":"https:\/\/blogs.correiobraziliense.com.br\/vicente\/wp-json\/wp\/v2\/posts"}],"about":[{"href":"https:\/\/blogs.correiobraziliense.com.br\/vicente\/wp-json\/wp\/v2\/types\/post"}],"author":[{"embeddable":true,"href":"https:\/\/blogs.correiobraziliense.com.br\/vicente\/wp-json\/wp\/v2\/users\/22"}],"replies":[{"embeddable":true,"href":"https:\/\/blogs.correiobraziliense.com.br\/vicente\/wp-json\/wp\/v2\/comments?post=14757"}],"version-history":[{"count":2,"href":"https:\/\/blogs.correiobraziliense.com.br\/vicente\/wp-json\/wp\/v2\/posts\/14757\/revisions"}],"predecessor-version":[{"id":14759,"href":"https:\/\/blogs.correiobraziliense.com.br\/vicente\/wp-json\/wp\/v2\/posts\/14757\/revisions\/14759"}],"wp:attachment":[{"href":"https:\/\/blogs.correiobraziliense.com.br\/vicente\/wp-json\/wp\/v2\/media?parent=14757"}],"wp:term":[{"taxonomy":"category","embeddable":true,"href":"https:\/\/blogs.correiobraziliense.com.br\/vicente\/wp-json\/wp\/v2\/categories?post=14757"},{"taxonomy":"post_tag","embeddable":true,"href":"https:\/\/blogs.correiobraziliense.com.br\/vicente\/wp-json\/wp\/v2\/tags?post=14757"}],"curies":[{"name":"wp","href":"https:\/\/api.w.org\/{rel}","templated":true}]}}