{"id":14722,"date":"2020-07-10T07:10:12","date_gmt":"2020-07-10T10:10:12","guid":{"rendered":"http:\/\/blogs.correiobraziliense.com.br\/vicente\/?p=14722"},"modified":"2020-07-10T07:10:12","modified_gmt":"2020-07-10T10:10:12","slug":"apenas-tres-em-cada-10-militares-que-receberam-r-600-irregularmente-devolveram-o-dinheiro","status":"publish","type":"post","link":"https:\/\/blogs.correiobraziliense.com.br\/vicente\/apenas-tres-em-cada-10-militares-que-receberam-r-600-irregularmente-devolveram-o-dinheiro\/","title":{"rendered":"Apenas tr\u00eas em cada 10 militares que receberam R$ 600 irregularmente devolveram o dinheiro"},"content":{"rendered":"<h2>Apesar da promessa do governo de que todos os militares que receberam irregularmente o aux\u00edlio emergencial de R$ 600 devolveriam o dinheiro, n\u00e3o foi o que aconteceu. Dados do Tribunal de Contas da Uni\u00e3o (TCU) apontam que apenas tr\u00eas em cada 10 fardados que embolsaram os recursos seguiram a determina\u00e7\u00e3o do Minist\u00e9rio da Defesa.<\/h2>\n<p>&nbsp;<\/p>\n<p>Pelos levantamentos oficiais do governo, 73,2 mil militares foram identificados entre os fraudadores do aux\u00edlio emergencial \u2014 no total, segundo o TCU, 565.351 pessoas foram brindadas, indevidamente, com a primeira parcela do benef\u00edcio \u2014, contudo, nem 24 mil fardados devolveram o dinheiro ao Tesouro Nacional.<\/p>\n<p>&nbsp;<\/p>\n<p>O TCU informa que o total devolvido pelos militares chegou a R$ 15,4 milh\u00f5es. O Tribunal espera que o Minist\u00e9rio da Defesa seja mais en\u00e9rgico na cobran\u00e7a dos fardados que se fizeram de mortos e n\u00e3o mexeram no bolso para corrigir as irregularidades que cometeram.<\/p>\n<p>&nbsp;<\/p>\n<p><strong>Militares ser\u00e3o investigados<\/strong><\/p>\n<p>&nbsp;<\/p>\n<p>\u00c9 importante ressaltar que os militares que continuam em situa\u00e7\u00e3o irregular em rela\u00e7\u00e3o ao aux\u00edlio emergencial ser\u00e3o investigados pelo Minist\u00e9rio P\u00fablico. O TCU pediu ao \u00f3rg\u00e3o que abra um processo para acionar criminalmente quem fraudou o aux\u00edlio emergencial.<\/p>\n<p>&nbsp;<\/p>\n<p>O ministro Bruno Dantas, que est\u00e1 conduzindo esse caso no TCU, deixa claro que n\u00e3o deixar\u00e1 os fraudadores impunes. Ele, inclusive, recomendou ao Minist\u00e9rio da Cidadania que libere, na internet, a lista com os nomes de todos aqueles que receberam indevidamente os R$ 600.<\/p>\n<p>&nbsp;<\/p>\n<p>O aux\u00edlio emergencial foi criado pelo governo para ajudar pessoas que perderam renda devido \u00e0 pandemia do novo coronav\u00edrus. No total, 109 milh\u00f5es de brasileiros pleitearam o benef\u00edcios. Cerca de 65 milh\u00f5es tiveram os pedidos atendidos.<\/p>\n<p>&nbsp;<\/p>\n<p><em>Bras\u00edlia, 07h10min<\/em><\/p>\n","protected":false},"excerpt":{"rendered":"<p>Apesar da promessa do governo de que todos os militares que receberam irregularmente o aux\u00edlio emergencial de R$ 600 devolveriam o dinheiro, n\u00e3o foi o que aconteceu. Dados do Tribunal de Contas da Uni\u00e3o (TCU) apontam que apenas tr\u00eas em cada 10 fardados que embolsaram os recursos seguiram a determina\u00e7\u00e3o do Minist\u00e9rio da Defesa. &nbsp; [&hellip;]<\/p>\n","protected":false},"author":22,"featured_media":14408,"comment_status":"open","ping_status":"closed","sticky":false,"template":"","format":"standard","meta":{"footnotes":""},"categories":[600],"tags":[4569,797,4570,159,769,4571,50],"class_list":["post-14722","post","type-post","status-publish","format-standard","has-post-thumbnail","hentry","category-economia","tag-auxilio","tag-devolucao","tag-emergencial","tag-irregularidades","tag-militares","tag-r-600","tag-tcu"],"_links":{"self":[{"href":"https:\/\/blogs.correiobraziliense.com.br\/vicente\/wp-json\/wp\/v2\/posts\/14722","targetHints":{"allow":["GET"]}}],"collection":[{"href":"https:\/\/blogs.correiobraziliense.com.br\/vicente\/wp-json\/wp\/v2\/posts"}],"about":[{"href":"https:\/\/blogs.correiobraziliense.com.br\/vicente\/wp-json\/wp\/v2\/types\/post"}],"author":[{"embeddable":true,"href":"https:\/\/blogs.correiobraziliense.com.br\/vicente\/wp-json\/wp\/v2\/users\/22"}],"replies":[{"embeddable":true,"href":"https:\/\/blogs.correiobraziliense.com.br\/vicente\/wp-json\/wp\/v2\/comments?post=14722"}],"version-history":[{"count":0,"href":"https:\/\/blogs.correiobraziliense.com.br\/vicente\/wp-json\/wp\/v2\/posts\/14722\/revisions"}],"wp:featuredmedia":[{"embeddable":true,"href":"https:\/\/blogs.correiobraziliense.com.br\/vicente\/wp-json\/wp\/v2\/media\/14408"}],"wp:attachment":[{"href":"https:\/\/blogs.correiobraziliense.com.br\/vicente\/wp-json\/wp\/v2\/media?parent=14722"}],"wp:term":[{"taxonomy":"category","embeddable":true,"href":"https:\/\/blogs.correiobraziliense.com.br\/vicente\/wp-json\/wp\/v2\/categories?post=14722"},{"taxonomy":"post_tag","embeddable":true,"href":"https:\/\/blogs.correiobraziliense.com.br\/vicente\/wp-json\/wp\/v2\/tags?post=14722"}],"curies":[{"name":"wp","href":"https:\/\/api.w.org\/{rel}","templated":true}]}}