{"id":14721,"date":"2020-07-10T12:29:01","date_gmt":"2020-07-10T15:29:01","guid":{"rendered":"http:\/\/blogs.correiobraziliense.com.br\/vicente\/?p=14721"},"modified":"2020-07-10T12:29:01","modified_gmt":"2020-07-10T15:29:01","slug":"cnc-setor-de-turismo-so-devera-se-recuperar-em-2023","status":"publish","type":"post","link":"https:\/\/blogs.correiobraziliense.com.br\/vicente\/cnc-setor-de-turismo-so-devera-se-recuperar-em-2023\/","title":{"rendered":"CNC: Setor de turismo s\u00f3 dever\u00e1\u00a0se recuperar em 2023"},"content":{"rendered":"<p>ROSANA HESSEL<\/p>\n<p>&nbsp;<\/p>\n<p>Os dados do Instituto Brasileiro de Geografia e Estat\u00edstica (IBGE) apresentados na Pesquisa Mensal de Servi\u00e7os (PMS), divulgados nesta sexta-feira (10\/07), que mostraram queda de 0,9% no quinto m\u00eas do ano na compara\u00e7\u00e3o com abril e de 19,5% em rela\u00e7\u00e3o a maio de 2019, acenderam mais um sinal de alerta sobre a capacidade de economia reagir no meio da pandemia de covid-19, principalmente, o setor de turismo.<\/p>\n<p>&nbsp;<\/p>\n<p>Pelas estimativas da <span style=\"font-weight: 400\">Confedera\u00e7\u00e3o Nacional do Com\u00e9rcio de Bens, Servi\u00e7os e Turismo (CNC)<\/span>, o setor tur\u00edstico, que inclui hot\u00e9is e empresas de avia\u00e7\u00e3o, \u00e9 o que mais vai demorar para se recuperar da recess\u00e3o deste ano, devendo retornar ao patamar pr\u00e9-crise em 2023, apesar de o segmento ter apresentado leve crescimento em maio, de 6,6% em rela\u00e7\u00e3o a abril nos dados do IBGE.<\/p>\n<p>&nbsp;<\/p>\n<p><span style=\"font-weight: 400\">As proje\u00e7\u00f5es da CNC apontam perdas acumuladas de R$\u00a0<\/span><span style=\"font-weight: 400\">121,97 bilh\u00f5es desde o in\u00edcio da pandemia no setor de turismo. A entidade ainda prev\u00ea que\u00a0<\/span><span style=\"font-weight: 400\">a tend\u00eancia \u00e9 de que o faturamento real desse segmento\u00a0<\/span><span style=\"font-weight: 400\">encolha 39% neste ano, &#8220;com perspectiva de volta ao n\u00edvel pr\u00e9-pandemia no terceiro trimestre de\u00a0<\/span><span style=\"font-weight: 400\">2023&#8243;.<\/span><\/p>\n<p>&nbsp;<\/p>\n<p>Fabio Bentes, economista da CNC, destacou ao <strong>Blog<\/strong> que o turismo foi a atividade mais atingida durante a pandemia, mas, quando comparado aos demais setores da economia, \u00e9 o que se encontra mais distante do n\u00edvel de atividade antes da covid-19. Em rela\u00e7\u00e3o a fevereiro, a queda \u00e9 de 66%, lembrou.<\/p>\n<p>&nbsp;<\/p>\n<p>&#8220;<span style=\"font-weight: 400\">Assim como nas pesquisas do pr\u00f3prio IBGE\u00a0<\/span><span style=\"font-weight: 400\">relativas \u00e0 ind\u00fastria e ao com\u00e9rcio, as empresas que comp\u00f5em as atividades tur\u00edsticas perceberam a fase\u00a0<\/span><span style=\"font-weight: 400\">mais aguda da crise pand\u00eamica no m\u00eas de abril&#8221;, acrescentou o economista da CNC.\u00a0 Ele revisou de 5,6% para 5,9% a expectativa de queda do setor de servi\u00e7os no acumulado de 2020.\u00a0<\/span><\/p>\n<p>&nbsp;<\/p>\n<p>De acordo com Bentes, o PIB nacional dever\u00e1 retornar ao patamar pr\u00e9-crise na primeira metade de 2022, assim como o setor de servi\u00e7os, com base nos dados aglomerados.<\/p>\n<p>&nbsp;<\/p>\n","protected":false},"excerpt":{"rendered":"<p>ROSANA HESSEL &nbsp; Os dados do Instituto Brasileiro de Geografia e Estat\u00edstica (IBGE) apresentados na Pesquisa Mensal de Servi\u00e7os (PMS), divulgados nesta sexta-feira (10\/07), que mostraram queda de 0,9% no quinto m\u00eas do ano na compara\u00e7\u00e3o com abril e de 19,5% em rela\u00e7\u00e3o a maio de 2019, acenderam mais um sinal de alerta sobre a [&hellip;]<\/p>\n","protected":false},"author":22,"featured_media":0,"comment_status":"open","ping_status":"closed","sticky":false,"template":"","format":"standard","meta":{"footnotes":""},"categories":[600],"tags":[28,391,414,3599],"class_list":["post-14721","post","type-post","status-publish","format-standard","hentry","category-economia","tag-cnc","tag-ibge","tag-servicos","tag-turismo"],"_links":{"self":[{"href":"https:\/\/blogs.correiobraziliense.com.br\/vicente\/wp-json\/wp\/v2\/posts\/14721","targetHints":{"allow":["GET"]}}],"collection":[{"href":"https:\/\/blogs.correiobraziliense.com.br\/vicente\/wp-json\/wp\/v2\/posts"}],"about":[{"href":"https:\/\/blogs.correiobraziliense.com.br\/vicente\/wp-json\/wp\/v2\/types\/post"}],"author":[{"embeddable":true,"href":"https:\/\/blogs.correiobraziliense.com.br\/vicente\/wp-json\/wp\/v2\/users\/22"}],"replies":[{"embeddable":true,"href":"https:\/\/blogs.correiobraziliense.com.br\/vicente\/wp-json\/wp\/v2\/comments?post=14721"}],"version-history":[{"count":0,"href":"https:\/\/blogs.correiobraziliense.com.br\/vicente\/wp-json\/wp\/v2\/posts\/14721\/revisions"}],"wp:attachment":[{"href":"https:\/\/blogs.correiobraziliense.com.br\/vicente\/wp-json\/wp\/v2\/media?parent=14721"}],"wp:term":[{"taxonomy":"category","embeddable":true,"href":"https:\/\/blogs.correiobraziliense.com.br\/vicente\/wp-json\/wp\/v2\/categories?post=14721"},{"taxonomy":"post_tag","embeddable":true,"href":"https:\/\/blogs.correiobraziliense.com.br\/vicente\/wp-json\/wp\/v2\/tags?post=14721"}],"curies":[{"name":"wp","href":"https:\/\/api.w.org\/{rel}","templated":true}]}}