{"id":1472,"date":"2016-06-17T10:30:57","date_gmt":"2016-06-17T13:30:57","guid":{"rendered":"https:\/\/blogs.correiobraziliense.com.br\/vicente\/?p=1472"},"modified":"2016-06-18T15:28:20","modified_gmt":"2016-06-18T18:28:20","slug":"reestruturacao-da-caixa-esta-suspensa-por-enquanto","status":"publish","type":"post","link":"https:\/\/blogs.correiobraziliense.com.br\/vicente\/reestruturacao-da-caixa-esta-suspensa-por-enquanto\/","title":{"rendered":"Reestrutura\u00e7\u00e3o da Caixa est\u00e1 suspensa. Por enquanto."},"content":{"rendered":"<p>POR MARLLA SABINO<\/p>\n<p>&nbsp;<\/p>\n<p>O presidente da Caixa Econ\u00f4mica Federal, Gilberto Occhi, nomeado pelo governo interino de Michel Temer, suspendeu, pelo menos momentaneamente, a reestrutura\u00e7\u00e3o de cargos e fun\u00e7\u00f5es que foi iniciado em mar\u00e7o, durante a gest\u00e3o de M\u00edriam Belchior. Occhi esclareceu para os funcion\u00e1rios a situa\u00e7\u00e3o financeira do banco e garantiu que mudan\u00e7as futuras no banco ser\u00e3o feitas de maneira cautelosa e com muito di\u00e1logo entre dire\u00e7\u00e3o e empregados.<\/p>\n<p>&nbsp;<\/p>\n<p>O presidente ainda explicou que, apesar de o processo de reestrutura\u00e7\u00e3o ter come\u00e7ado no edif\u00edcio-sede, \u00e9 necess\u00e1rio trabalhar de forma diferente para expandi-lo a outras localidades do pa\u00eds. Em mar\u00e7o deste ano, com a justificativa de que o ano de 2016 configurava-se \u201cmais dif\u00edcil e desafiador\u201d, a Caixa deu in\u00edcio a um amplo processo de reestrutura\u00e7\u00e3o, que inclu\u00eda demiss\u00e3o de pessoal, redu\u00e7\u00e3o de gratifica\u00e7\u00f5es e fechamentos de vagas em Bras\u00edlia e nas demais regi\u00f5es do pa\u00eds.<\/p>\n<p>&nbsp;<\/p>\n<p>A medida adotada por M\u00edriam Belchior previa reduzir custos e adequar o banco \u00e0 realidade do mercado, que viu o cr\u00e9dito cair e a inadimpl\u00eancia aumentar. Uma das estrat\u00e9gias adotadas pelo banco para tentar reanimar a economia ainda no governo de Dilma Rousseff foi aumentar a oferta de cr\u00e9dito. A meta de institui\u00e7\u00e3o era liberar, pelo menos, R$ 16 bilh\u00f5es al\u00e9m do previsto.<\/p>\n<p>&nbsp;<\/p>\n<p>Em apenas uma semana, cerca de 600 gratifica\u00e7\u00f5es de trabalhadores do edif\u00edcio-sede foram extintas. Em Bras\u00edlia, 570 pessoas foram recoladas e cortadas da fun\u00e7\u00e3o que exerciam, al\u00e9m do refor\u00e7o do plano de apoio \u00e0 aposentadoria (PAA), que j\u00e1 estava em andamento.<\/p>\n<p>&nbsp;<\/p>\n<p>Os funcion\u00e1rios protestaram contra as mudan\u00e7as anunciadas, pelo fato de a reestrutura\u00e7\u00e3o, com extin\u00e7\u00e3o de cargos e fun\u00e7\u00f5es, ter sido feita por meio de mensagens internas. Na ocasi\u00e3o, o sindicato afirmou total apoio aos funcion\u00e1rios e cogitou a possibilidades de greve.<\/p>\n<p>&nbsp;<\/p>\n<p>A Assessoria de Imprensa da Caixa Econ\u00f4mica afirmou que h\u00e1 um estudo permanente para avaliar a reestrutura\u00e7\u00e3o de cargos e fun\u00e7\u00f5es da institui\u00e7\u00e3o. Mas a situa\u00e7\u00e3o dos pr\u00f3ximos meses \u00e9 incerta. A Caixa conta com quadro de 97,5 mil empregados concursados, al\u00e9m de 15 mil estagi\u00e1rios e jovens aprendizes.<\/p>\n<p>&nbsp;<\/p>\n<p><em>Bras\u00edlia, 10h30min<\/em><\/p>\n","protected":false},"excerpt":{"rendered":"<p>POR MARLLA SABINO &nbsp; O presidente da Caixa Econ\u00f4mica Federal, Gilberto Occhi, nomeado pelo governo interino de Michel Temer, suspendeu, pelo menos momentaneamente, a reestrutura\u00e7\u00e3o de cargos e fun\u00e7\u00f5es que foi iniciado em mar\u00e7o, durante a gest\u00e3o de M\u00edriam Belchior. Occhi esclareceu para os funcion\u00e1rios a situa\u00e7\u00e3o financeira do banco e garantiu que mudan\u00e7as futuras [&hellip;]<\/p>\n","protected":false},"author":22,"featured_media":0,"comment_status":"open","ping_status":"closed","sticky":false,"template":"","format":"standard","meta":{"footnotes":""},"categories":[1],"tags":[115,296,117,295],"class_list":["post-1472","post","type-post","status-publish","format-standard","hentry","category-sem-categoria","tag-caixa-economica-federal","tag-gilberto-occhi","tag-miriam-belchior","tag-reestruturacao"],"_links":{"self":[{"href":"https:\/\/blogs.correiobraziliense.com.br\/vicente\/wp-json\/wp\/v2\/posts\/1472","targetHints":{"allow":["GET"]}}],"collection":[{"href":"https:\/\/blogs.correiobraziliense.com.br\/vicente\/wp-json\/wp\/v2\/posts"}],"about":[{"href":"https:\/\/blogs.correiobraziliense.com.br\/vicente\/wp-json\/wp\/v2\/types\/post"}],"author":[{"embeddable":true,"href":"https:\/\/blogs.correiobraziliense.com.br\/vicente\/wp-json\/wp\/v2\/users\/22"}],"replies":[{"embeddable":true,"href":"https:\/\/blogs.correiobraziliense.com.br\/vicente\/wp-json\/wp\/v2\/comments?post=1472"}],"version-history":[{"count":1,"href":"https:\/\/blogs.correiobraziliense.com.br\/vicente\/wp-json\/wp\/v2\/posts\/1472\/revisions"}],"predecessor-version":[{"id":1473,"href":"https:\/\/blogs.correiobraziliense.com.br\/vicente\/wp-json\/wp\/v2\/posts\/1472\/revisions\/1473"}],"wp:attachment":[{"href":"https:\/\/blogs.correiobraziliense.com.br\/vicente\/wp-json\/wp\/v2\/media?parent=1472"}],"wp:term":[{"taxonomy":"category","embeddable":true,"href":"https:\/\/blogs.correiobraziliense.com.br\/vicente\/wp-json\/wp\/v2\/categories?post=1472"},{"taxonomy":"post_tag","embeddable":true,"href":"https:\/\/blogs.correiobraziliense.com.br\/vicente\/wp-json\/wp\/v2\/tags?post=1472"}],"curies":[{"name":"wp","href":"https:\/\/api.w.org\/{rel}","templated":true}]}}