{"id":14711,"date":"2020-07-10T07:01:01","date_gmt":"2020-07-10T10:01:01","guid":{"rendered":"http:\/\/blogs.correiobraziliense.com.br\/vicente\/?p=14711"},"modified":"2020-07-10T07:01:01","modified_gmt":"2020-07-10T10:01:01","slug":"somente-um-em-cada-10-fraudadores-do-auxilio-emergencial-devolveu-os-r-600","status":"publish","type":"post","link":"https:\/\/blogs.correiobraziliense.com.br\/vicente\/somente-um-em-cada-10-fraudadores-do-auxilio-emergencial-devolveu-os-r-600\/","title":{"rendered":"Somente um em cada 10 fraudadores do aux\u00edlio emergencial devolveu os R$ 600"},"content":{"rendered":"<h2>Os dados s\u00e3o estarrecedores. Segundo o ministro Bruno Dantas, do Tribunal de Contas da Uni\u00e3o (TCU), somente um em cada 10 fraudadores do aux\u00edlio emergencial de R$ 600 devolveu o dinheiro aos cofres p\u00fablicos.<\/h2>\n<p>&nbsp;<\/p>\n<p>Pelos registros do TCU, 565.351 pessoas embolsaram, irregularmente, a primeira parcela do aux\u00edlio emergencial. Desse total, apenas 72.599 (12%) devolveram os R$ 600. \u00c9 muito pouco, o que confirma que as fraudes foram conscientes.<\/p>\n<p>&nbsp;<\/p>\n<p>Diante desses abusos, Dantas pediu ao Minist\u00e9rio P\u00fablico que mova uma a\u00e7\u00e3o p\u00fablica contra os &#8220;espertalh\u00f5es&#8221;. Eles ter\u00e3o que responder criminalmente por fraudarem os cofres p\u00fablicos. O aux\u00edlio emergencial foi criado pelo governo para ajudar pessoas que perderam a renda por causa da pandemia do novo coronav\u00edrus.<\/p>\n<p>&nbsp;<\/p>\n<p><strong>Nomes de fraudadores na internet<\/strong><\/p>\n<p>&nbsp;<\/p>\n<p>N\u00e3o ser\u00e1 problema para a pol\u00edcia identificar um por um dos fraudadores. Bruno Dantas orientou o Minist\u00e9rio da Cidadania, respons\u00e1vel pelo programa do aux\u00edlio emergencial, a divulgar, na internet, a lista com os nomes de todas as pessoas que receberam indevidamente os R$ 600.<\/p>\n<p>&nbsp;<\/p>\n<p>A lista de fraudadores, como se sabe, inclui pol\u00edticos, empres\u00e1rios, servidores p\u00fablicos, presos, militares, jovens da classe m\u00e9dia e at\u00e9 mortos. Para essas pessoas, pouco importa se os R$ 600 s\u00f3 deveriam ser pagos aos mais pobres. Na cabe\u00e7a deles, \u00e9 um \u00f3timo neg\u00f3cio saquear os cofres p\u00fablicos.<\/p>\n<p>&nbsp;<\/p>\n<p><em>Bras\u00edlia, 07h01min<\/em><\/p>\n","protected":false},"excerpt":{"rendered":"<p>Os dados s\u00e3o estarrecedores. Segundo o ministro Bruno Dantas, do Tribunal de Contas da Uni\u00e3o (TCU), somente um em cada 10 fraudadores do aux\u00edlio emergencial de R$ 600 devolveu o dinheiro aos cofres p\u00fablicos. &nbsp; Pelos registros do TCU, 565.351 pessoas embolsaram, irregularmente, a primeira parcela do aux\u00edlio emergencial. Desse total, apenas 72.599 (12%) devolveram [&hellip;]<\/p>\n","protected":false},"author":22,"featured_media":10358,"comment_status":"open","ping_status":"closed","sticky":false,"template":"","format":"standard","meta":{"footnotes":""},"categories":[600],"tags":[4573,797,4721,2498,50],"class_list":["post-14711","post","type-post","status-publish","format-standard","has-post-thumbnail","hentry","category-economia","tag-auxilio-emergencial","tag-devolucao","tag-fraudadores","tag-policia","tag-tcu"],"_links":{"self":[{"href":"https:\/\/blogs.correiobraziliense.com.br\/vicente\/wp-json\/wp\/v2\/posts\/14711","targetHints":{"allow":["GET"]}}],"collection":[{"href":"https:\/\/blogs.correiobraziliense.com.br\/vicente\/wp-json\/wp\/v2\/posts"}],"about":[{"href":"https:\/\/blogs.correiobraziliense.com.br\/vicente\/wp-json\/wp\/v2\/types\/post"}],"author":[{"embeddable":true,"href":"https:\/\/blogs.correiobraziliense.com.br\/vicente\/wp-json\/wp\/v2\/users\/22"}],"replies":[{"embeddable":true,"href":"https:\/\/blogs.correiobraziliense.com.br\/vicente\/wp-json\/wp\/v2\/comments?post=14711"}],"version-history":[{"count":0,"href":"https:\/\/blogs.correiobraziliense.com.br\/vicente\/wp-json\/wp\/v2\/posts\/14711\/revisions"}],"wp:featuredmedia":[{"embeddable":true,"href":"https:\/\/blogs.correiobraziliense.com.br\/vicente\/wp-json\/wp\/v2\/media\/10358"}],"wp:attachment":[{"href":"https:\/\/blogs.correiobraziliense.com.br\/vicente\/wp-json\/wp\/v2\/media?parent=14711"}],"wp:term":[{"taxonomy":"category","embeddable":true,"href":"https:\/\/blogs.correiobraziliense.com.br\/vicente\/wp-json\/wp\/v2\/categories?post=14711"},{"taxonomy":"post_tag","embeddable":true,"href":"https:\/\/blogs.correiobraziliense.com.br\/vicente\/wp-json\/wp\/v2\/tags?post=14711"}],"curies":[{"name":"wp","href":"https:\/\/api.w.org\/{rel}","templated":true}]}}