{"id":14710,"date":"2020-07-10T12:01:56","date_gmt":"2020-07-10T15:01:56","guid":{"rendered":"http:\/\/blogs.correiobraziliense.com.br\/vicente\/?p=14710"},"modified":"2020-07-10T12:01:56","modified_gmt":"2020-07-10T15:01:56","slug":"ex-ministros-se-mobilizam-em-carta-sobre-medidas-para-retomada","status":"publish","type":"post","link":"https:\/\/blogs.correiobraziliense.com.br\/vicente\/ex-ministros-se-mobilizam-em-carta-sobre-medidas-para-retomada\/","title":{"rendered":"Ex-ministros se mobilizam em carta sobre medidas para retomada"},"content":{"rendered":"<h2><\/h2>\n<h2>ROSANA HESSEL<\/h2>\n<h2><\/h2>\n<h2>A exemplo de empres\u00e1rios e representantes de fundos de investimentos estrangeiros que escrevem cartas pedindo medidas mais concretas do governo para a prote\u00e7\u00e3o do meio ambiente e desenvolvimento sustent\u00e1vel,\u00a0\u00a0ex-ministros da Fazenda e ex-presidentes do Banco Central acabaram fazendo o mesmo tipo de mobiliza\u00e7\u00e3o.<\/h2>\n<div><\/div>\n<div>\n<p>A nova carta ser\u00e1 divulgada na pr\u00f3xima ter\u00e7a-feira (14), buscando mostrar medidas para uma retomada sustent\u00e1vel ap\u00f3s a crise da covid-19.\u00a0 O documento, segundo organizadores, &#8220;abordar\u00e1 quest\u00f5es macroecon\u00f4micas, sociais e ambientais&#8221;.<\/p>\n<p>&nbsp;<\/p>\n<p>Entre os signat\u00e1rios\u00a0 do documento est\u00e3o os economistas Arm\u00ednio Fraga, Eduardo Guardia, Henrique Meirelles, Ilan Goldfajn, Joaquim Levy, Ma\u00edlson da N\u00f3brega, Persio Arida, Rubens Ricupero e Gustavo Loyola. A conferir.<\/p>\n<\/div>\n","protected":false},"excerpt":{"rendered":"<p>ROSANA HESSEL A exemplo de empres\u00e1rios e representantes de fundos de investimentos estrangeiros que escrevem cartas pedindo medidas mais concretas do governo para a prote\u00e7\u00e3o do meio ambiente e desenvolvimento sustent\u00e1vel,\u00a0\u00a0ex-ministros da Fazenda e ex-presidentes do Banco Central acabaram fazendo o mesmo tipo de mobiliza\u00e7\u00e3o. A nova carta ser\u00e1 divulgada na pr\u00f3xima ter\u00e7a-feira (14), buscando [&hellip;]<\/p>\n","protected":false},"author":22,"featured_media":0,"comment_status":"open","ping_status":"closed","sticky":false,"template":"","format":"standard","meta":{"footnotes":""},"categories":[600],"tags":[4174,589,4722,112],"class_list":["post-14710","post","type-post","status-publish","format-standard","hentry","category-economia","tag-carta","tag-economia","tag-ex-ministros","tag-retomada"],"_links":{"self":[{"href":"https:\/\/blogs.correiobraziliense.com.br\/vicente\/wp-json\/wp\/v2\/posts\/14710","targetHints":{"allow":["GET"]}}],"collection":[{"href":"https:\/\/blogs.correiobraziliense.com.br\/vicente\/wp-json\/wp\/v2\/posts"}],"about":[{"href":"https:\/\/blogs.correiobraziliense.com.br\/vicente\/wp-json\/wp\/v2\/types\/post"}],"author":[{"embeddable":true,"href":"https:\/\/blogs.correiobraziliense.com.br\/vicente\/wp-json\/wp\/v2\/users\/22"}],"replies":[{"embeddable":true,"href":"https:\/\/blogs.correiobraziliense.com.br\/vicente\/wp-json\/wp\/v2\/comments?post=14710"}],"version-history":[{"count":0,"href":"https:\/\/blogs.correiobraziliense.com.br\/vicente\/wp-json\/wp\/v2\/posts\/14710\/revisions"}],"wp:attachment":[{"href":"https:\/\/blogs.correiobraziliense.com.br\/vicente\/wp-json\/wp\/v2\/media?parent=14710"}],"wp:term":[{"taxonomy":"category","embeddable":true,"href":"https:\/\/blogs.correiobraziliense.com.br\/vicente\/wp-json\/wp\/v2\/categories?post=14710"},{"taxonomy":"post_tag","embeddable":true,"href":"https:\/\/blogs.correiobraziliense.com.br\/vicente\/wp-json\/wp\/v2\/tags?post=14710"}],"curies":[{"name":"wp","href":"https:\/\/api.w.org\/{rel}","templated":true}]}}