{"id":14691,"date":"2020-07-09T21:01:17","date_gmt":"2020-07-10T00:01:17","guid":{"rendered":"http:\/\/blogs.correiobraziliense.com.br\/vicente\/?p=14691"},"modified":"2020-07-09T21:01:17","modified_gmt":"2020-07-10T00:01:17","slug":"ministerio-das-comunicacoes-deve-anunciar-reestruturacao-nesta-sexta","status":"publish","type":"post","link":"https:\/\/blogs.correiobraziliense.com.br\/vicente\/ministerio-das-comunicacoes-deve-anunciar-reestruturacao-nesta-sexta\/","title":{"rendered":"Minist\u00e9rio das Comunica\u00e7\u00f5es deve anunciar reestrutura\u00e7\u00e3o nesta sexta"},"content":{"rendered":"<h2>RENATO SOUZA E SIMONE KAFRUNI<\/h2>\n<h2><\/h2>\n<h2>Se nada mudar o roteiro tra\u00e7ado at\u00e9 agora, o Minist\u00e9rio das Comunica\u00e7\u00f5es, chefiado pelo deputado F\u00e1bio Faria, far\u00e1 uma grande reestrutura\u00e7\u00e3o na pasta. As mudan\u00e7as devem ser anunciadas nesta sexta-feira, 10 de julho.<\/h2>\n<p>&nbsp;<\/p>\n<p>Faria, que tomou posse h\u00e1 quase um m\u00eas num aceno do presidente Jair Bolsonaro ao Centr\u00e3o, quer uma estrutura mais \u00e1gil e eficiente. Um dos objetivos \u00e9 criar um servi\u00e7o internacional para melhorar a imagem do Brasil no exterior.<\/p>\n<p>&nbsp;<\/p>\n<p>Tamb\u00e9m est\u00e1 previsto um processo de enxugamento da estrutura da Empresa Brasileira de Comunica\u00e7\u00e3o (EBC), que passar\u00e1 pela venda de im\u00f3veis e entrega daqueles alugados, al\u00e9m da redu\u00e7\u00e3o de pessoal por meio de um Programa de Demiss\u00e3o Volunt\u00e1ria (PDV.<\/p>\n<p>&nbsp;<\/p>\n<p>Segundo o minist\u00e9rio, a EBC tem hoje mais de 1.800 funcion\u00e1rios, que custaram R$ 549 milh\u00f5es no ano passado. A empresa n\u00e3o conseguiu fechar o caixa com receitas pr\u00f3prias e computou rombo de R$ 87 milh\u00f5es.<\/p>\n<p>&nbsp;<\/p>\n<p>Quem conversou com o ministro nos \u00faltimos dias est\u00e1 convencido de que ele quer mostrar servi\u00e7o, sobretudo no sentido de melhorar a comunica\u00e7\u00e3o do governo.<\/p>\n<p>&nbsp;<\/p>\n<p><em>Bras\u00edlia, 21h01min<\/em><\/p>\n","protected":false},"excerpt":{"rendered":"<p>RENATO SOUZA E SIMONE KAFRUNI Se nada mudar o roteiro tra\u00e7ado at\u00e9 agora, o Minist\u00e9rio das Comunica\u00e7\u00f5es, chefiado pelo deputado F\u00e1bio Faria, far\u00e1 uma grande reestrutura\u00e7\u00e3o na pasta. As mudan\u00e7as devem ser anunciadas nesta sexta-feira, 10 de julho. &nbsp; Faria, que tomou posse h\u00e1 quase um m\u00eas num aceno do presidente Jair Bolsonaro ao Centr\u00e3o, [&hellip;]<\/p>\n","protected":false},"author":22,"featured_media":14692,"comment_status":"open","ping_status":"closed","sticky":false,"template":"","format":"standard","meta":{"footnotes":""},"categories":[600],"tags":[2554,659,4719,2208,1836,295],"class_list":["post-14691","post","type-post","status-publish","format-standard","has-post-thumbnail","hentry","category-economia","tag-bolsonaro","tag-centrao","tag-comunicacoes","tag-fabio-faria","tag-ministerio","tag-reestruturacao"],"_links":{"self":[{"href":"https:\/\/blogs.correiobraziliense.com.br\/vicente\/wp-json\/wp\/v2\/posts\/14691","targetHints":{"allow":["GET"]}}],"collection":[{"href":"https:\/\/blogs.correiobraziliense.com.br\/vicente\/wp-json\/wp\/v2\/posts"}],"about":[{"href":"https:\/\/blogs.correiobraziliense.com.br\/vicente\/wp-json\/wp\/v2\/types\/post"}],"author":[{"embeddable":true,"href":"https:\/\/blogs.correiobraziliense.com.br\/vicente\/wp-json\/wp\/v2\/users\/22"}],"replies":[{"embeddable":true,"href":"https:\/\/blogs.correiobraziliense.com.br\/vicente\/wp-json\/wp\/v2\/comments?post=14691"}],"version-history":[{"count":0,"href":"https:\/\/blogs.correiobraziliense.com.br\/vicente\/wp-json\/wp\/v2\/posts\/14691\/revisions"}],"wp:featuredmedia":[{"embeddable":true,"href":"https:\/\/blogs.correiobraziliense.com.br\/vicente\/wp-json\/wp\/v2\/media\/14692"}],"wp:attachment":[{"href":"https:\/\/blogs.correiobraziliense.com.br\/vicente\/wp-json\/wp\/v2\/media?parent=14691"}],"wp:term":[{"taxonomy":"category","embeddable":true,"href":"https:\/\/blogs.correiobraziliense.com.br\/vicente\/wp-json\/wp\/v2\/categories?post=14691"},{"taxonomy":"post_tag","embeddable":true,"href":"https:\/\/blogs.correiobraziliense.com.br\/vicente\/wp-json\/wp\/v2\/tags?post=14691"}],"curies":[{"name":"wp","href":"https:\/\/api.w.org\/{rel}","templated":true}]}}