{"id":14645,"date":"2020-07-06T12:58:28","date_gmt":"2020-07-06T15:58:28","guid":{"rendered":"http:\/\/blogs.correiobraziliense.com.br\/vicente\/?p=14645"},"modified":"2020-07-06T12:58:28","modified_gmt":"2020-07-06T15:58:28","slug":"ifi-beneficio-para-preservar-emprego-custa-metade-do-previsto","status":"publish","type":"post","link":"https:\/\/blogs.correiobraziliense.com.br\/vicente\/ifi-beneficio-para-preservar-emprego-custa-metade-do-previsto\/","title":{"rendered":"IFI: Benef\u00edcio para preservar emprego custa metade do previsto"},"content":{"rendered":"<h2><span style=\"font-weight: 400\">ROSANA HESSEL<\/span><\/h2>\n<h2><\/h2>\n<h2><span style=\"font-weight: 400\">Ao analisar o desempenho do Benef\u00edcio Emergencial do Emprego (BEm), criado pela Medida Provis\u00f3ria (MP) n\u00ba 936\/2020, a Institui\u00e7\u00e3o Fiscal Independente (IFI), do Senado, identificou que o governo deve gastar metade dos R$ 51,2 bilh\u00f5es previstos com o programa. A entidade comparou a\u00a0<\/span><span style=\"font-weight: 400\">quantidade de ades\u00f5es e os pagamentos efetuados em\u00a0Nota T\u00e9cnica\u00a0 divulgada nesta segunda-feira (06\/07).<\/span><\/h2>\n<p>&nbsp;<\/p>\n<p>\u201cNossa conclus\u00e3o \u00e9 que 15 milh\u00f5es de trabalhadores devem ser beneficiados no acumulado do ano, gerando um custo de R$ 26,1 bilh\u00f5es, considerando as regras originais do programa. Esse dado \u00e9 praticamente a metade do cr\u00e9dito emergencial que o governo abriu para pagar essa pol\u00edtica\u201d, destacou, em entrevista ao <strong>Blog<\/strong>, o analista da IFI Alessandro Ribeiro, respons\u00e1vel pelo levantamento.<\/p>\n<p>&nbsp;<\/p>\n<p><span style=\"font-weight: 400\">A MP 936 tamb\u00e9m trata da suspens\u00e3o dos contratos de trabalho ou da redu\u00e7\u00e3o da jornada por at\u00e9 tr\u00eas meses e prev\u00ea que a Uni\u00e3o compense parte do pagamento dos funcion\u00e1rios de empresas que fizerem ades\u00e3o ao programa. A previs\u00e3o das autoridades era beneficiar 24 milh\u00f5es de trabalhadores<\/span><span style=\"font-weight: 400\">. <\/span><\/p>\n<p>&nbsp;<\/p>\n<p><span style=\"font-weight: 400\">O dado de 15 milh\u00f5es de benefici\u00e1rios, segundo Ribeiro, foi fundamentado em dois exerc\u00edcios, que buscaram aproximar o movimento de ades\u00f5es que ainda dever\u00e1 ocorrer nos pr\u00f3ximos meses. Como h\u00e1 uma expectativa de que o governo possa estender esse programa, o analista fez as contas sobre o impacto fiscal futuro e constatou que, se houver amplia\u00e7\u00e3o por mais tr\u00eas meses, a previs\u00e3o do cr\u00e9dito emergencial inicial praticamente cobriria todos os custos adicionais.\u00a0<\/span><\/p>\n<p>&nbsp;<\/p>\n<p>No caso\u00a0<span style=\"font-weight: 400\">de extens\u00e3o da dura\u00e7\u00e3o m\u00e1xima autorizada para os acordos de redu\u00e7\u00e3o ou suspens\u00e3o do contrato de trabalho em 30, 60 e 90 dias, pelas contas da IFI, a despesa passaria para R$ 35 bilh\u00f5es, R$ 43,8 bilh\u00f5es e R$ 52,6 bilh\u00f5es, respectivamente, sob este quantitativo de empregos.\u00a0<\/span><\/p>\n<p>&nbsp;<\/p>\n<p><span style=\"font-weight: 400\">Ribeiro evitou interpretar o porqu\u00ea do superdimensionamento das despesas pelo governo, mas ele reconhece que o cr\u00e9dito extraordin\u00e1rio aprovado j\u00e1 cobre essa extens\u00e3o por mais tr\u00eas meses. \u201c\u00c9 possivel que, ao abrir o credito extraordinario, o governo j\u00e1 tenha deixando uma folga para eventual extensao do programa. Mas essa \u00e9 a minha interpreta\u00e7\u00e3o\u201d, afirmou.<\/span><\/p>\n<p>&nbsp;<\/p>\n<p>De acordo com dados do Tesouro Nacional, at\u00e9 hoje, a Uni\u00e3o realizou o pagamento de R$ 211,5 bilh\u00f5es dos R$ 506,1 bilh\u00f5es dos gastos previstos com medidas emergenciais j\u00e1 autorizadas no combate aos efeitos da pandemia de covid-19, ou seja, 41,8% do total.<\/p>\n","protected":false},"excerpt":{"rendered":"<p>ROSANA HESSEL Ao analisar o desempenho do Benef\u00edcio Emergencial do Emprego (BEm), criado pela Medida Provis\u00f3ria (MP) n\u00ba 936\/2020, a Institui\u00e7\u00e3o Fiscal Independente (IFI), do Senado, identificou que o governo deve gastar metade dos R$ 51,2 bilh\u00f5es previstos com o programa. A entidade comparou a\u00a0quantidade de ades\u00f5es e os pagamentos efetuados em\u00a0Nota T\u00e9cnica\u00a0 divulgada nesta [&hellip;]<\/p>\n","protected":false},"author":22,"featured_media":0,"comment_status":"open","ping_status":"closed","sticky":false,"template":"","format":"standard","meta":{"footnotes":""},"categories":[600],"tags":[4712,542,802,3566,4563],"class_list":["post-14645","post","type-post","status-publish","format-standard","hentry","category-economia","tag-beneficio-emergencial","tag-contas-publicas","tag-gastos","tag-ifi","tag-mp-936"],"_links":{"self":[{"href":"https:\/\/blogs.correiobraziliense.com.br\/vicente\/wp-json\/wp\/v2\/posts\/14645","targetHints":{"allow":["GET"]}}],"collection":[{"href":"https:\/\/blogs.correiobraziliense.com.br\/vicente\/wp-json\/wp\/v2\/posts"}],"about":[{"href":"https:\/\/blogs.correiobraziliense.com.br\/vicente\/wp-json\/wp\/v2\/types\/post"}],"author":[{"embeddable":true,"href":"https:\/\/blogs.correiobraziliense.com.br\/vicente\/wp-json\/wp\/v2\/users\/22"}],"replies":[{"embeddable":true,"href":"https:\/\/blogs.correiobraziliense.com.br\/vicente\/wp-json\/wp\/v2\/comments?post=14645"}],"version-history":[{"count":0,"href":"https:\/\/blogs.correiobraziliense.com.br\/vicente\/wp-json\/wp\/v2\/posts\/14645\/revisions"}],"wp:attachment":[{"href":"https:\/\/blogs.correiobraziliense.com.br\/vicente\/wp-json\/wp\/v2\/media?parent=14645"}],"wp:term":[{"taxonomy":"category","embeddable":true,"href":"https:\/\/blogs.correiobraziliense.com.br\/vicente\/wp-json\/wp\/v2\/categories?post=14645"},{"taxonomy":"post_tag","embeddable":true,"href":"https:\/\/blogs.correiobraziliense.com.br\/vicente\/wp-json\/wp\/v2\/tags?post=14645"}],"curies":[{"name":"wp","href":"https:\/\/api.w.org\/{rel}","templated":true}]}}