{"id":14640,"date":"2020-07-06T11:37:23","date_gmt":"2020-07-06T14:37:23","guid":{"rendered":"http:\/\/blogs.correiobraziliense.com.br\/vicente\/?p=14639"},"modified":"2020-07-06T11:37:23","modified_gmt":"2020-07-06T14:37:23","slug":"patrimonio-liquido-negativo-da-uniao-cresceu-234-em-2019","status":"publish","type":"post","link":"https:\/\/blogs.correiobraziliense.com.br\/vicente\/patrimonio-liquido-negativo-da-uniao-cresceu-234-em-2019\/","title":{"rendered":"Patrim\u00f4nio l\u00edquido negativo da Uni\u00e3o cresceu 23,4% em 2019"},"content":{"rendered":"<h2><span style=\"font-weight: 400\">ROSANA HESSEL<\/span><\/h2>\n<h2><\/h2>\n<h2><span style=\"font-weight: 400\">Imagine uma empresa com patrim\u00f4nio l\u00edquido negativo por v\u00e1rios anos seguidos. No mundo corporativo, trata-se de uma companhia que n\u00e3o para de registrar preju\u00edzos e est\u00e1 pendurada em empr\u00e9stimos que n\u00e3o consegue pagar, e, portanto, acaba indo \u00e0 fal\u00eancia. Agora, i<\/span><span style=\"font-weight: 400\">magine um governo na mesma situa\u00e7\u00e3o, com esse buraco crescente em ritmo acelerado, mesmo em um ano em que a d\u00edvida p\u00fablica bruta cai pela primeira vez desde 2013. <\/span><\/h2>\n<h2><\/h2>\n<h2><span style=\"font-weight: 400\">\u00c9 o que mostra o balan\u00e7o da Uni\u00e3o de 2019, conforme dados do Tesouro Nacional divulgados nesta segunda-feira (06\/07). O relat\u00f3rio cont\u00e1bil do \u00f3rg\u00e3o escancara a gravidade das contas p\u00fablicas antes mesmo da chegada da covid-19 ao pa\u00eds, que vem exigindo aumento substancial dos gastos p\u00fablicos e vai piorar ainda mais o quadro fiscal neste ano.\u00a0<\/span><\/h2>\n<h2><\/h2>\n<h2><span style=\"font-weight: 400\">Em 2019, o patrim\u00f4nio l\u00edquido (PL) da Uni\u00e3o ficou negativo em R$ 2,982 trilh\u00f5es, no ano passado, o pior resultado da hist\u00f3ria, segundo o Tesouro. Esse dado ruim ocorre antes mesmo da chegada da covid-19 ao pa\u00eds e representa um crescimento de 23,4% em rela\u00e7\u00e3o ao saldo negativo de 2018, de R$ 2,416 trilh\u00f5es. Entre 2018 e 2017, o patrim\u00f4nio negativo havia registrado queda de 0,4%.<\/span><\/h2>\n<p>&nbsp;<\/p>\n<p><span style=\"font-weight: 400\">Em d\u00f3lares convertidos pela PTax medida pelo Banco Central, de 3 de julho, o valor do PL negativo de 2019, soma US$ 559 bilh\u00f5es, praticamente equivalente ao Produto Interno Bruto (PIB) da B\u00e9lgica de 2018, de US$ 555 bilh\u00f5es, de acordo com dados do Fundo Monet\u00e1rio Internacional (FMI).<\/span><\/p>\n<p>&nbsp;<\/p>\n<p><span style=\"font-weight: 400\">Conforme dados do Tesouro no relat\u00f3rio, o passivo da Uni\u00e3o, que trata do conjunto de obriga\u00e7\u00f5es, como empr\u00e9stimos, financiamentos e provis\u00f5es a pagar, registrou aumento de 11,6% entre 2018 e 2019, para R$ 8,579 trilh\u00f5es, dado maior do que o PIB brasileiro registado no ano passado pelo Instituto Brasileiro de Geografia e Estat\u00edstica (IBGE), de R$ 7,2 trilh\u00f5es. J\u00e1 os ativos, que \u00e9 a soma do que o pa\u00eds possui em caixa e em cr\u00e9ditos, investimentos, e ativos imobilizados cresceu apenas 6,2% no mesmo per\u00edodo, somando R$ 5,597 trilh\u00f5es.<\/span><\/p>\n<p>&nbsp;<\/p>\n<p><span style=\"font-weight: 400\">A piora no passivo, segundo a nota do Tesouro, foi resultado do \u201caperfei\u00e7oamento cont\u00e1bil\u201d ocorrido em 2019, \u201cque provocou um salto das provis\u00f5es para perdas judiciais e administrativas de R$ 169,9 bilh\u00f5es em 2018 para R$ 681,2 bilh\u00f5es no ano passado\u201d. Outro dado destacado pelo \u00f3rg\u00e3o que ajudou no crescimento do passivo foi \u201co crescimento de R$ 589,4 bilh\u00f5es em provis\u00f5es de longo prazo relativas ao sistema de prote\u00e7\u00e3o social dos militares\u201d.<\/span><\/p>\n<p>&nbsp;<\/p>\n<p>Resta saber como \u00e9 que o ministro da Economia, Paulo Guedes, vai conseguir controlar o forte aumento de gastos da Uni\u00e3o para evitar um descontrole das contas p\u00fablicas ao longo dos pr\u00f3ximos anos. Dados do Tesouro Nacional divulgados no ano passado j\u00e1 preveem que a d\u00edvida p\u00fablica bruta passar\u00e1 de 75,8% do PIB, em 2019, para 98,2% do PIB, em 2020. Esse \u00e9 o cen\u00e1rio otimista, com previs\u00e3o de retra\u00e7\u00e3o de 6,5% no PIB deste ano. Para um cen\u00e1rio mais pessimista, com contra\u00e7\u00e3o economia em 8,5%, a d\u00edvida\u00a0 bruta passaria de 100% do PIB. Vale lembrar que, acima de 80% do PIB, o risco de solv\u00eancia de um pa\u00eds emergente \u00e9 elevad\u00edssimo e o Brasil vem registrando, h\u00e1 v\u00e1rios anos, uma taxa endividamento bem acima da m\u00e9dia das economias em desenvolvimento, de 50% do PIB.<\/p>\n<p>&nbsp;<\/p>\n<p><span style=\"font-weight: 400\">At\u00e9 a semana passada, os gastos emergenciais com medidas aprovadas j\u00e1 somam R$ 521,3 bilh\u00f5es, o equivalente a 7,5% do Produto Interno Bruto (PIB) e o Tesouro j\u00e1 prev\u00ea um rombo nas contas do governo central neste de 11,5% do PIB, o maior da hist\u00f3ria e ele ainda pode crescer mais ainda com a prorroga\u00e7\u00e3o das medidas emergenciais uma vez que a pandemia n\u00e3o vem sendo combatida da mesma forma que os pa\u00edses europeus fizeram, com lockdowns (bloqueios duros) nas grandes cidades.\u00a0<\/span><\/p>\n<p>&nbsp;<\/p>\n<p>&nbsp;<\/p>\n<p>&nbsp;<\/p>\n","protected":false},"excerpt":{"rendered":"<p>ROSANA HESSEL Imagine uma empresa com patrim\u00f4nio l\u00edquido negativo por v\u00e1rios anos seguidos. No mundo corporativo, trata-se de uma companhia que n\u00e3o para de registrar preju\u00edzos e est\u00e1 pendurada em empr\u00e9stimos que n\u00e3o consegue pagar, e, portanto, acaba indo \u00e0 fal\u00eancia. Agora, imagine um governo na mesma situa\u00e7\u00e3o, com esse buraco crescente em ritmo acelerado, [&hellip;]<\/p>\n","protected":false},"author":22,"featured_media":0,"comment_status":"open","ping_status":"closed","sticky":false,"template":"","format":"standard","meta":{"footnotes":""},"categories":[600],"tags":[3273,542,3294,589,58,121,762],"class_list":["post-14640","post","type-post","status-publish","format-standard","hentry","category-economia","tag-balanco","tag-contas-publicas","tag-divida-bruta","tag-economia","tag-pib","tag-tesouro-nacional","tag-uniao"],"_links":{"self":[{"href":"https:\/\/blogs.correiobraziliense.com.br\/vicente\/wp-json\/wp\/v2\/posts\/14640","targetHints":{"allow":["GET"]}}],"collection":[{"href":"https:\/\/blogs.correiobraziliense.com.br\/vicente\/wp-json\/wp\/v2\/posts"}],"about":[{"href":"https:\/\/blogs.correiobraziliense.com.br\/vicente\/wp-json\/wp\/v2\/types\/post"}],"author":[{"embeddable":true,"href":"https:\/\/blogs.correiobraziliense.com.br\/vicente\/wp-json\/wp\/v2\/users\/22"}],"replies":[{"embeddable":true,"href":"https:\/\/blogs.correiobraziliense.com.br\/vicente\/wp-json\/wp\/v2\/comments?post=14640"}],"version-history":[{"count":0,"href":"https:\/\/blogs.correiobraziliense.com.br\/vicente\/wp-json\/wp\/v2\/posts\/14640\/revisions"}],"wp:attachment":[{"href":"https:\/\/blogs.correiobraziliense.com.br\/vicente\/wp-json\/wp\/v2\/media?parent=14640"}],"wp:term":[{"taxonomy":"category","embeddable":true,"href":"https:\/\/blogs.correiobraziliense.com.br\/vicente\/wp-json\/wp\/v2\/categories?post=14640"},{"taxonomy":"post_tag","embeddable":true,"href":"https:\/\/blogs.correiobraziliense.com.br\/vicente\/wp-json\/wp\/v2\/tags?post=14640"}],"curies":[{"name":"wp","href":"https:\/\/api.w.org\/{rel}","templated":true}]}}