{"id":1464,"date":"2016-06-17T07:01:07","date_gmt":"2016-06-17T10:01:07","guid":{"rendered":"https:\/\/blogs.correiobraziliense.com.br\/vicente\/?p=1464"},"modified":"2016-06-18T15:30:57","modified_gmt":"2016-06-18T18:30:57","slug":"coluna-no-correio-blindagem-de-temer","status":"publish","type":"post","link":"https:\/\/blogs.correiobraziliense.com.br\/vicente\/coluna-no-correio-blindagem-de-temer\/","title":{"rendered":"Coluna no Correio: Blindagem de Temer"},"content":{"rendered":"<p>O governo est\u00e1 convencido de que conseguir\u00e1 blindar o presidente interino, Michel Temer, das den\u00fancias feitas por S\u00e9rgio Machado, ex-presidente da Transpetro, de que o peemedebista teria pedido R$ 1,5 milh\u00e3o de propinas para a campanha de Gabriel Chalita \u00e0 Prefeitura de S\u00e3o Paulo. Emiss\u00e1rios do chefe do Executivo que sa\u00edram a campo ouviram de l\u00edderes pol\u00edticos e agentes econ\u00f4micos que, pelo menos por enquanto, n\u00e3o h\u00e1 qualquer possibilidade de se criar dificuldades para a continuidade do governo.<\/p>\n<p>&nbsp;<\/p>\n<p>A justificativa para o apoio de empres\u00e1rios e investidores a Temer \u00e9 de que a desestabiliza\u00e7\u00e3o, agora, do chefe do Executivo poder\u00e1 levar o pa\u00eds a mergulhar em uma crise muito mais grave que a observada atualmente. O peemedebista \u00e9 visto como a \u00fanica solu\u00e7\u00e3o, neste momento, para tirar o Brasil do atoleiro sem provocar grandes traumas, ainda que n\u00e3o seja o presidente dos sonhos dos donos do dinheiro. A leitura dos agentes econ\u00f4micos \u00e9 de que o pa\u00eds precisa voltar \u00e0 normalidade, para reverter as mazelas provocadas pela recess\u00e3o \u2014 a pior delas, o desemprego.<\/p>\n<p>&nbsp;<\/p>\n<p>Pelos c\u00e1lculos do mercado, hoje, s\u00e3o de 80% as chances de Temer ser efetivado no governo com a aprova\u00e7\u00e3o, pelo Senado, do impeachment de Dilma Rousseff e de completar o mandato at\u00e9 2018. Nas v\u00e1rias simula\u00e7\u00f5es que os investidores fazem, os riscos que podem frustrar os planos do peemedebista n\u00e3o s\u00e3o desprez\u00edveis. Muito pelo contr\u00e1rio. Embutem a Opera\u00e7\u00e3o Lava-Jato, que provocou os estragos dos \u00faltimos dias, o julgamento pelo Superior Tribunal Eleitoral (TSE) da campanha \u00e0 reelei\u00e7\u00e3o da chapa que elegeu Dilma e Temer e uma mudan\u00e7a inesperada na vota\u00e7\u00e3o do impeachment.<\/p>\n<p>&nbsp;<\/p>\n<p><b>Ansiedade<\/b><\/p>\n<p>&nbsp;<\/p>\n<p>Desde anteontem, quando a dela\u00e7\u00e3o de S\u00e9rgio Machado foi liberada pelo Supremo Tribunal Federal (STF), Temer recebeu a garantia dos principais l\u00edderes que comp\u00f5em a sua base parlamentar de que nada que possa colocar o governo em risco ter\u00e1 andamento no Congresso. \u00c9 poss\u00edvel, inclusive, que o Legislativo acelere as discuss\u00f5es de projetos importantes, como o que limita o aumento de gastos, para dar uma demonstra\u00e7\u00e3o de for\u00e7a do Pal\u00e1cio do Planalto. Com a economia mostrando alguma rea\u00e7\u00e3o, Temer ter\u00e1 f\u00f4lego maior para administrar os tiros disparados contra ele.<\/p>\n<p>&nbsp;<\/p>\n<p>Para investidores e empres\u00e1rios, os primeiros sinais de reativa\u00e7\u00e3o da economia precisam vir logo, ainda na interinidade de Temer. Isso motivar\u00e1 o in\u00edcio dos investimentos produtivos, os \u00fanicos que podem tirar o pa\u00eds da recess\u00e3o. N\u00e3o ser\u00e3o o consumo das fam\u00edlias nem os gastos do governo, muito menos as exporta\u00e7\u00f5es, que mudar\u00e3o a rota do Produto Interno Bruto (PIB). Mas investimentos requerem confian\u00e7a. E esse item precioso est\u00e1 distante. No m\u00e1ximo, se veem sinais de melhora de humor, que, num ambiente t\u00e3o confuso, pouco contribuem para reverter o ritmo da atividade.<\/p>\n<p>&nbsp;<\/p>\n<p>Um dos auxiliares mais pr\u00f3ximos de Temer reconhece que o governo tremeu nas bases com as revela\u00e7\u00f5es de Machado. Mas, no entender dele, o estrago foi administrado e s\u00e3o remotas as chances de algo mais grave aparecer contra o presidente interino. O sinal de alerta s\u00f3 seria ligado de verdade se o deputado Eduardo Cunha, que deve ser cassado nos pr\u00f3ximos dias, resolvesse falar. \u201cEssa bomba est\u00e1 no radar de todo mundo. N\u00e3o d\u00e1 para prever o que Cunha \u00e9 capaz se resolver abrir a boca\u201d, afirma.<\/p>\n<p>&nbsp;<\/p>\n<p><b>Peso da caneta<\/b><\/p>\n<p>&nbsp;<\/p>\n<p>Por precau\u00e7\u00e3o, Temer deve acelerar o uso da caneta para saciar a gula de aliados mais suscet\u00edveis \u00e0s ondas de den\u00fancias. A ideia \u00e9 dar cargos perif\u00e9ricos, em delegacias regionais dos minist\u00e9rios do Trabalho, da Agricultura e da Sa\u00fade, por exemplo, para manter a base de pelo menos 340 votos na C\u00e2mara e de 58 no Senado. Com esse apoio, o peemedebista acredita que liquidar\u00e1 a fatura do impeachment de Dilma at\u00e9 agosto e poder\u00e1 levar adiante as medidas econ\u00f4micas que dar\u00e3o respaldo ao governo efetivo nos meses seguintes.<\/p>\n<p>&nbsp;<\/p>\n<p>Resta saber se realmente os c\u00e1lculos pol\u00edticos de Temer est\u00e3o corretos. A rea\u00e7\u00e3o dele ontem, ao fazer um pronunciamento p\u00fablico, foi considerada acertada, assim como a demiss\u00e3o do terceiro ministro \u2014 Henrique Eduardo Alves, do Turismo \u2014, mas n\u00e3o suficiente para que ele saia do foco dos ataques. O grande problema \u00e9 que o peemedebista se cercou de pessoas com hist\u00f3ricos muito ruins, ligadas \u00e0 corrup\u00e7\u00e3o. Ele ficou suscet\u00edvel demais a den\u00fancias.<\/p>\n<p>&nbsp;<\/p>\n<p>Essa fragilidade, inclusive, mina parte do esfor\u00e7o da equipe chefiada pelo ministro da Fazenda, Henrique Meirelles, de reconstru\u00e7\u00e3o da credibilidade da pol\u00edtica econ\u00f4mica. Um empres\u00e1rio menos paciente indica como est\u00e3o os \u00e2nimos. \u201cVamos trabalhar para blindar Temer. Mas \u00e9 preciso que ele nos ajude. Se precisar, que demita logo os ministros que est\u00e3o sob suspei\u00e7\u00e3o e, assim, livre o governo de viver de sobressaltos. O tempo para fazer as mudan\u00e7as que o pa\u00eds precisa est\u00e1 ficando curto demais\u201d, diz. \u201cTemer n\u00e3o pode subestimar os riscos que corre\u201d, conclui.<\/p>\n<p>&nbsp;<\/p>\n<p><i>Bras\u00edlia, 07h01min<\/i><\/p>\n","protected":false},"excerpt":{"rendered":"<p>O governo est\u00e1 convencido de que conseguir\u00e1 blindar o presidente interino, Michel Temer, das den\u00fancias feitas por S\u00e9rgio Machado, ex-presidente da Transpetro, de que o peemedebista teria pedido R$ 1,5 milh\u00e3o de propinas para a campanha de Gabriel Chalita \u00e0 Prefeitura de S\u00e3o Paulo. Emiss\u00e1rios do chefe do Executivo que sa\u00edram a campo ouviram de [&hellip;]<\/p>\n","protected":false},"author":22,"featured_media":0,"comment_status":"open","ping_status":"closed","sticky":false,"template":"","format":"standard","meta":{"footnotes":""},"categories":[1],"tags":[300,255,11,301,302,41,111],"class_list":["post-1464","post","type-post","status-publish","format-standard","hentry","category-sem-categoria","tag-blindagem","tag-corrupcao","tag-dilma-rousseff","tag-empresarios","tag-governo-interino","tag-lava-jato","tag-michel-temer"],"_links":{"self":[{"href":"https:\/\/blogs.correiobraziliense.com.br\/vicente\/wp-json\/wp\/v2\/posts\/1464","targetHints":{"allow":["GET"]}}],"collection":[{"href":"https:\/\/blogs.correiobraziliense.com.br\/vicente\/wp-json\/wp\/v2\/posts"}],"about":[{"href":"https:\/\/blogs.correiobraziliense.com.br\/vicente\/wp-json\/wp\/v2\/types\/post"}],"author":[{"embeddable":true,"href":"https:\/\/blogs.correiobraziliense.com.br\/vicente\/wp-json\/wp\/v2\/users\/22"}],"replies":[{"embeddable":true,"href":"https:\/\/blogs.correiobraziliense.com.br\/vicente\/wp-json\/wp\/v2\/comments?post=1464"}],"version-history":[{"count":1,"href":"https:\/\/blogs.correiobraziliense.com.br\/vicente\/wp-json\/wp\/v2\/posts\/1464\/revisions"}],"predecessor-version":[{"id":1465,"href":"https:\/\/blogs.correiobraziliense.com.br\/vicente\/wp-json\/wp\/v2\/posts\/1464\/revisions\/1465"}],"wp:attachment":[{"href":"https:\/\/blogs.correiobraziliense.com.br\/vicente\/wp-json\/wp\/v2\/media?parent=1464"}],"wp:term":[{"taxonomy":"category","embeddable":true,"href":"https:\/\/blogs.correiobraziliense.com.br\/vicente\/wp-json\/wp\/v2\/categories?post=1464"},{"taxonomy":"post_tag","embeddable":true,"href":"https:\/\/blogs.correiobraziliense.com.br\/vicente\/wp-json\/wp\/v2\/tags?post=1464"}],"curies":[{"name":"wp","href":"https:\/\/api.w.org\/{rel}","templated":true}]}}