{"id":14636,"date":"2020-07-04T19:15:21","date_gmt":"2020-07-04T22:15:21","guid":{"rendered":"http:\/\/blogs.correiobraziliense.com.br\/vicente\/?p=14634"},"modified":"2020-07-04T19:15:21","modified_gmt":"2020-07-04T22:15:21","slug":"fraudes-continuam-a-todo-vapor-no-pagamento-do-auxilio-emergencial-de-r-600","status":"publish","type":"post","link":"https:\/\/blogs.correiobraziliense.com.br\/vicente\/fraudes-continuam-a-todo-vapor-no-pagamento-do-auxilio-emergencial-de-r-600\/","title":{"rendered":"Fraudes continuam a todo vapor no pagamento do aux\u00edlio emergencial de R$ 600"},"content":{"rendered":"<h2>Apesar de todos os alertas dados pelo Tribunal de Contas da Uni\u00e3o (TCU), as fraudes continuam a todo vapor no pagamento do aux\u00edlio emergencial de R$ 600. A terceira parcela come\u00e7ou a ser paga nesta semana.<\/h2>\n<p>&nbsp;<\/p>\n<p>Quem acompanha de perto a libera\u00e7\u00e3o dos recursos, garante que v\u00e1rias pessoas que receberam irregularmente os R$ 600 continuam na lista dos que ser\u00e3o contemplados nas novas libera\u00e7\u00f5es feitas pela Caixa Econ\u00f4mica Federal<\/p>\n<p>&nbsp;<\/p>\n<p>N\u00e3o se sabe o porqu\u00ea, dizem t\u00e9cnicos do governo, mas n\u00e3o houve o esperado bloqueio dos benef\u00edcios irregulares. Isso significa que pol\u00edticos, servidores p\u00fablicos, militares, filhos da classe m\u00e9dia, presos e mesmo pessoas mortas embolsar\u00e3o a nova parcela do coronavoucher.<\/p>\n<p>&nbsp;<\/p>\n<p><strong>R$ 600 para pol\u00edticos e mortos<\/strong><\/p>\n<p>&nbsp;<\/p>\n<p>O TCU contava que, depois de todos os avisos \u2014 mais de 620 mil pessoas fraudaram o aux\u00edlio emergencial, resultando em preju\u00edzos de mais de R$ 1 bilh\u00e3o aos cofres p\u00fablicos \u2014, as \u00e1reas t\u00e9cnicas da Dataprev, do Minist\u00e9rio da Cidadania e da Caixa conseguissem bloquear os pagamentos irregulares.<\/p>\n<p>&nbsp;<\/p>\n<p>Contudo, segundo t\u00e9cnicos, n\u00e3o foi o que aconteceu. &#8220;At\u00e9 conseguimos bloquear um lote de benef\u00edcios fraudados, mas a maioria continua aparecendo em situa\u00e7\u00e3o de normalidade&#8221;, diz um dos t\u00e9cnicos. &#8220;O governo ter\u00e1 que correr contra o tempo para impedir os pagamentos irregulares&#8221;, acrescenta.<\/p>\n<p>&nbsp;<\/p>\n<p>Diante da farra dos benef\u00edcios irregulares, o TCU pediu ao Minist\u00e9rio P\u00fablico Federal que mova a\u00e7\u00f5es contra os &#8220;espertalh\u00f5es&#8221;. Eles responder\u00e3o criminalmente pelas fraudes, al\u00e9m de terem que devolver o dinheiro aos cofres p\u00fablicos.<\/p>\n<p>&nbsp;<\/p>\n<p>Pelos c\u00e1lculos do governo, mais de 65 milh\u00f5es de brasileiros conseguiram se cadastrar para receber o coronavoucher de R$ 600. O Tesouro Nacional gastou mais de R$ 200 bilh\u00f5es com o programa, considerado fundamental para amenizar a vida daqueles que perderam renda por causa da pandemia da covid-19.<\/p>\n<p>&nbsp;<\/p>\n<p>De olho no aumento da popularidade entre o p\u00fablico de mais baixa renda, o presidente Jair Bolsonaro determinou que sejam pagas pelo menos mais duas parcelas do aux\u00edlio, totalizando R$ 1.200.<\/p>\n<p>&nbsp;<\/p>\n<p><em>Bras\u00edlia, 19h15min<\/em><\/p>\n","protected":false},"excerpt":{"rendered":"<p>Apesar de todos os alertas dados pelo Tribunal de Contas da Uni\u00e3o (TCU), as fraudes continuam a todo vapor no pagamento do aux\u00edlio emergencial de R$ 600. A terceira parcela come\u00e7ou a ser paga nesta semana. &nbsp; Quem acompanha de perto a libera\u00e7\u00e3o dos recursos, garante que v\u00e1rias pessoas que receberam irregularmente os R$ 600 [&hellip;]<\/p>\n","protected":false},"author":22,"featured_media":14173,"comment_status":"open","ping_status":"closed","sticky":false,"template":"","format":"standard","meta":{"footnotes":""},"categories":[600],"tags":[4569,110,4570,415,467,3130,1238,4571,50],"class_list":["post-14636","post","type-post","status-publish","format-standard","has-post-thumbnail","hentry","category-economia","tag-auxilio","tag-caixa","tag-emergencial","tag-fraudes","tag-governo","tag-mortos","tag-politicos","tag-r-600","tag-tcu"],"_links":{"self":[{"href":"https:\/\/blogs.correiobraziliense.com.br\/vicente\/wp-json\/wp\/v2\/posts\/14636","targetHints":{"allow":["GET"]}}],"collection":[{"href":"https:\/\/blogs.correiobraziliense.com.br\/vicente\/wp-json\/wp\/v2\/posts"}],"about":[{"href":"https:\/\/blogs.correiobraziliense.com.br\/vicente\/wp-json\/wp\/v2\/types\/post"}],"author":[{"embeddable":true,"href":"https:\/\/blogs.correiobraziliense.com.br\/vicente\/wp-json\/wp\/v2\/users\/22"}],"replies":[{"embeddable":true,"href":"https:\/\/blogs.correiobraziliense.com.br\/vicente\/wp-json\/wp\/v2\/comments?post=14636"}],"version-history":[{"count":0,"href":"https:\/\/blogs.correiobraziliense.com.br\/vicente\/wp-json\/wp\/v2\/posts\/14636\/revisions"}],"wp:featuredmedia":[{"embeddable":true,"href":"https:\/\/blogs.correiobraziliense.com.br\/vicente\/wp-json\/wp\/v2\/media\/14173"}],"wp:attachment":[{"href":"https:\/\/blogs.correiobraziliense.com.br\/vicente\/wp-json\/wp\/v2\/media?parent=14636"}],"wp:term":[{"taxonomy":"category","embeddable":true,"href":"https:\/\/blogs.correiobraziliense.com.br\/vicente\/wp-json\/wp\/v2\/categories?post=14636"},{"taxonomy":"post_tag","embeddable":true,"href":"https:\/\/blogs.correiobraziliense.com.br\/vicente\/wp-json\/wp\/v2\/tags?post=14636"}],"curies":[{"name":"wp","href":"https:\/\/api.w.org\/{rel}","templated":true}]}}