{"id":14633,"date":"2020-06-22T15:17:03","date_gmt":"2020-06-22T18:17:03","guid":{"rendered":"http:\/\/blogs.correiobraziliense.com.br\/vicente\/?p=14415"},"modified":"2020-06-22T15:17:03","modified_gmt":"2020-06-22T18:17:03","slug":"pressa-na-relicitacao-do-aeroporto-de-viracopos-pode-colocar-bolsonaro-em-maus-lencois","status":"publish","type":"post","link":"https:\/\/blogs.correiobraziliense.com.br\/vicente\/pressa-na-relicitacao-do-aeroporto-de-viracopos-pode-colocar-bolsonaro-em-maus-lencois\/","title":{"rendered":"Pressa na relicita\u00e7\u00e3o do aeroporto de Viracopos pode colocar Bolsonaro em maus len\u00e7\u00f3is"},"content":{"rendered":"<h2>O setor de infraestrutura est\u00e1 em polvorosa. E n\u00e3o \u00e9 para menos. A pressa com que o Programa de Parcerias e Investimentos (PPI), do Minist\u00e9rio da Economia, tramitou o processo de relicita\u00e7\u00e3o do aeroporto de Viracopos chamou a aten\u00e7\u00e3o de investidores do setor aeroportu\u00e1rio e ainda pode colocar o presidente da Rep\u00fablica, Jair Bolsonaro, em maus len\u00e7\u00f3is.<\/h2>\n<p>&nbsp;<\/p>\n<p>A minuta de decreto, elaborada pela secretaria e encaminhada para assinatura do chefe do Executivo, ignora o Decreto n\u00ba 9.957. A legisla\u00e7\u00e3o estabelece que seja avaliada a condi\u00e7\u00e3o de conveni\u00eancia e a oportunidade para a relicita\u00e7\u00e3o de um empreendimento para a Uni\u00e3o e para o pa\u00eds. O PPI n\u00e3o fez isso.<\/p>\n<p>&nbsp;<\/p>\n<p>O \u00f3rg\u00e3o inverteu a l\u00f3gica e enviou ao presidente uma minuta de decreto a ser assinada, mas com aviso de que os estudos seriam conclu\u00eddos em 90 dias. Ou seja: Bolsonaro pode assinar um decreto de qualifica\u00e7\u00e3o que, depois, pode ser desaconselhado por estudos t\u00e9cnicos, deixando-o fr\u00e1gil juridicamente.<\/p>\n<p>&nbsp;<\/p>\n<p><em>Bras\u00edlia, 15h17min<\/em><\/p>\n","protected":false},"excerpt":{"rendered":"<p>O setor de infraestrutura est\u00e1 em polvorosa. E n\u00e3o \u00e9 para menos. A pressa com que o Programa de Parcerias e Investimentos (PPI), do Minist\u00e9rio da Economia, tramitou o processo de relicita\u00e7\u00e3o do aeroporto de Viracopos chamou a aten\u00e7\u00e3o de investidores do setor aeroportu\u00e1rio e ainda pode colocar o presidente da Rep\u00fablica, Jair Bolsonaro, em [&hellip;]<\/p>\n","protected":false},"author":22,"featured_media":0,"comment_status":"open","ping_status":"closed","sticky":false,"template":"","format":"standard","meta":{"footnotes":""},"categories":[600],"tags":[3438,2554,4089,4684,4685],"class_list":["post-14633","post","type-post","status-publish","format-standard","hentry","category-economia","tag-aeroporto","tag-bolsonaro","tag-ppi","tag-relicitacao","tag-viracopos"],"_links":{"self":[{"href":"https:\/\/blogs.correiobraziliense.com.br\/vicente\/wp-json\/wp\/v2\/posts\/14633","targetHints":{"allow":["GET"]}}],"collection":[{"href":"https:\/\/blogs.correiobraziliense.com.br\/vicente\/wp-json\/wp\/v2\/posts"}],"about":[{"href":"https:\/\/blogs.correiobraziliense.com.br\/vicente\/wp-json\/wp\/v2\/types\/post"}],"author":[{"embeddable":true,"href":"https:\/\/blogs.correiobraziliense.com.br\/vicente\/wp-json\/wp\/v2\/users\/22"}],"replies":[{"embeddable":true,"href":"https:\/\/blogs.correiobraziliense.com.br\/vicente\/wp-json\/wp\/v2\/comments?post=14633"}],"version-history":[{"count":0,"href":"https:\/\/blogs.correiobraziliense.com.br\/vicente\/wp-json\/wp\/v2\/posts\/14633\/revisions"}],"wp:attachment":[{"href":"https:\/\/blogs.correiobraziliense.com.br\/vicente\/wp-json\/wp\/v2\/media?parent=14633"}],"wp:term":[{"taxonomy":"category","embeddable":true,"href":"https:\/\/blogs.correiobraziliense.com.br\/vicente\/wp-json\/wp\/v2\/categories?post=14633"},{"taxonomy":"post_tag","embeddable":true,"href":"https:\/\/blogs.correiobraziliense.com.br\/vicente\/wp-json\/wp\/v2\/tags?post=14633"}],"curies":[{"name":"wp","href":"https:\/\/api.w.org\/{rel}","templated":true}]}}