{"id":14631,"date":"2020-06-22T11:29:10","date_gmt":"2020-06-22T14:29:10","guid":{"rendered":"http:\/\/blogs.correiobraziliense.com.br\/vicente\/?p=14393"},"modified":"2020-06-22T11:29:10","modified_gmt":"2020-06-22T14:29:10","slug":"novo-advogado-de-flavio-bolsonaro-tem-aval-de-militares-e-transito-na-justica-do-rio","status":"publish","type":"post","link":"https:\/\/blogs.correiobraziliense.com.br\/vicente\/novo-advogado-de-flavio-bolsonaro-tem-aval-de-militares-e-transito-na-justica-do-rio\/","title":{"rendered":"Novo advogado de Fl\u00e1vio Bolsonaro tem aval de militares e tr\u00e2nsito na Justi\u00e7a do Rio"},"content":{"rendered":"<h2>O advogado criminalista Rodrigo Roca, novo defensor do senador Fl\u00e1vio Bolsonaro (Republicanos-RJ), teve o aval da ala militar do governo.<\/h2>\n<p>&nbsp;<\/p>\n<p>Roca foi apresentado ao senador pela\u00a0advogada Luciana Pires, que defende o filho 01 do presidente Jair Bolsonaro no processo das rachadinhas. O senador \u00e9 acusado de receber parte dos sal\u00e1rios de funcion\u00e1rios de seu gabinete, quando era deputado na Assembleia Legislativa do Rio.<\/p>\n<p>&nbsp;<\/p>\n<p>Luciana j\u00e1 foi s\u00f3cia de Roca.\u00a0Os dois, que s\u00e3o irm\u00e3os por parte de pai, fazem parte do grupo Bandeira de Mello, respons\u00e1vel pela defesa de militares em todo o Brasil. Luciana\u00a0\u00e9 autora da a\u00e7\u00e3o que tenta levar o caso das rachadinhas para o colegiado especial do Tribunal de Justi\u00e7a (TJ), o que retardaria seu andamento.<\/p>\n<p>&nbsp;<\/p>\n<p>Roca foi, at\u00e9 2018, advogado do ex-governador do Rio de Janeiro Sergio Cabral, que est\u00e1 preso por crimes de corrup\u00e7\u00e3o. Segundo integrantes do Pal\u00e1cio do Planalto, ele \u00e9 bem visto entre militares de alta patente e tem bom tr\u00e2nsito na Justi\u00e7a fluminense.<\/p>\n<p>&nbsp;<\/p>\n<p>O novo advogado de Fl\u00e1vio substitui o criminalista Frederick Wassef, dono da casa em Atibaia (SP) onde Fabr\u00edcio Queiroz, amigo de Bolsonaro e ex-assessor do senador, foi preso na semana passada. Ontem, Wassef deixou a defesa de Fl\u00e1vio.<\/p>\n<p>&nbsp;<\/p>\n<p>Apesar de ter deixado a defesa de Fl\u00e1vio, Wassef continuar\u00e1 dando muita dor de cabe\u00e7a ao governo, pois ter\u00e1 que explicar \u00e0 Justi\u00e7a como conseguiu escondeu Queiroz em seu s\u00edtio em Atibaia por mais de um ano.<\/p>\n<p>&nbsp;<\/p>\n<p><em>Bras\u00edlia, 11h29min<\/em><\/p>\n","protected":false},"excerpt":{"rendered":"<p>O advogado criminalista Rodrigo Roca, novo defensor do senador Fl\u00e1vio Bolsonaro (Republicanos-RJ), teve o aval da ala militar do governo. &nbsp; Roca foi apresentado ao senador pela\u00a0advogada Luciana Pires, que defende o filho 01 do presidente Jair Bolsonaro no processo das rachadinhas. O senador \u00e9 acusado de receber parte dos sal\u00e1rios de funcion\u00e1rios de seu [&hellip;]<\/p>\n","protected":false},"author":22,"featured_media":9785,"comment_status":"open","ping_status":"closed","sticky":false,"template":"","format":"standard","meta":{"footnotes":""},"categories":[600],"tags":[4680,3910,4681,4682],"class_list":["post-14631","post","type-post","status-publish","format-standard","has-post-thumbnail","hentry","category-economia","tag-fabricio-queiroz","tag-flavio-bolsonaro","tag-frederick-wasseff","tag-rodrigo-roca"],"_links":{"self":[{"href":"https:\/\/blogs.correiobraziliense.com.br\/vicente\/wp-json\/wp\/v2\/posts\/14631","targetHints":{"allow":["GET"]}}],"collection":[{"href":"https:\/\/blogs.correiobraziliense.com.br\/vicente\/wp-json\/wp\/v2\/posts"}],"about":[{"href":"https:\/\/blogs.correiobraziliense.com.br\/vicente\/wp-json\/wp\/v2\/types\/post"}],"author":[{"embeddable":true,"href":"https:\/\/blogs.correiobraziliense.com.br\/vicente\/wp-json\/wp\/v2\/users\/22"}],"replies":[{"embeddable":true,"href":"https:\/\/blogs.correiobraziliense.com.br\/vicente\/wp-json\/wp\/v2\/comments?post=14631"}],"version-history":[{"count":0,"href":"https:\/\/blogs.correiobraziliense.com.br\/vicente\/wp-json\/wp\/v2\/posts\/14631\/revisions"}],"wp:featuredmedia":[{"embeddable":true,"href":"https:\/\/blogs.correiobraziliense.com.br\/vicente\/wp-json\/wp\/v2\/media\/9785"}],"wp:attachment":[{"href":"https:\/\/blogs.correiobraziliense.com.br\/vicente\/wp-json\/wp\/v2\/media?parent=14631"}],"wp:term":[{"taxonomy":"category","embeddable":true,"href":"https:\/\/blogs.correiobraziliense.com.br\/vicente\/wp-json\/wp\/v2\/categories?post=14631"},{"taxonomy":"post_tag","embeddable":true,"href":"https:\/\/blogs.correiobraziliense.com.br\/vicente\/wp-json\/wp\/v2\/tags?post=14631"}],"curies":[{"name":"wp","href":"https:\/\/api.w.org\/{rel}","templated":true}]}}