{"id":14618,"date":"2020-07-01T18:05:28","date_gmt":"2020-07-01T21:05:28","guid":{"rendered":"http:\/\/blogs.correiobraziliense.com.br\/vicente\/?p=14618"},"modified":"2020-07-01T18:05:28","modified_gmt":"2020-07-01T21:05:28","slug":"os-filhos-problema-carlos-flavio-e-eduardo-bolsonaro-no-banco-de-reus","status":"publish","type":"post","link":"https:\/\/blogs.correiobraziliense.com.br\/vicente\/os-filhos-problema-carlos-flavio-e-eduardo-bolsonaro-no-banco-de-reus\/","title":{"rendered":"Os filhos-problema: Carlos, Fl\u00e1vio e Eduardo Bolsonaro no banco de r\u00e9us"},"content":{"rendered":"<h2>O presidente Jair Bolsonaro n\u00e3o poderia ter not\u00edcia pior: os tr\u00eas filhos dele, Fl\u00e1vio, Carlos e Eduardo, est\u00e3o no banco de r\u00e9us. Todos est\u00e3o sob investiga\u00e7\u00e3o da Justi\u00e7a, o que dar\u00e1 muita dor de cabe\u00e7a ao governo. N\u00e3o se descarta que, em algum momento, pelo menos um deles venha a ser preso.<\/h2>\n<p>&nbsp;<\/p>\n<p>Vereador pelo Rio de Janeiro, Carlos est\u00e1 sendo investigado pela contrata\u00e7\u00e3o de funcion\u00e1rios fantasmas em seu gabinete. Como ele perdeu o foro privilegiado, o processo, agora, est\u00e1 tramitando em primeira inst\u00e2ncia, que costuma ser bem rigorosa em casos como o dele.<\/p>\n<p>&nbsp;<\/p>\n<p>Fl\u00e1vio, hoje senador, \u00e9 pe\u00e7a central no inqu\u00e9rito que apura o sistema de rachadinha na Assembleia Legislativa do Rio de Janeiro, quando ele era deputado. Ex-assessor dele, Fabr\u00edcio Queiroz est\u00e1 preso e a mulher dele, foragida da Justi\u00e7a. Segundo o Minist\u00e9rio P\u00fablico, Fl\u00e1vio chefiaria uma &#8220;organiza\u00e7\u00e3o criminosa&#8221;.<\/p>\n<p>&nbsp;<\/p>\n<p>Eduardo, por sua vez, virou alvo do\u00a0procurador-geral da Rep\u00fablica, Augusto Aras, que determinou a abertura de &#8220;not\u00edcia de fato&#8221; para saber se o deputado federal violou a Lei de Seguran\u00e7a Nacional em declara\u00e7\u00f5es que fez pela internet. Aras apura se o parlamentar cometeu crime de &#8220;subvers\u00e3o da ordem democr\u00e1tica&#8221;.<\/p>\n<p>&nbsp;<\/p>\n<p><strong>Bolsonaro tamb\u00e9m na mira da Justi\u00e7a<\/strong><\/p>\n<p>&nbsp;<\/p>\n<p>Com os tr\u00eas filhos na mira da Justi\u00e7a, Bolsonaro baixou totalmente o tom contra o Judici\u00e1rio e o Congresso. Nos \u00faltimos dias, por sinal, emitiu sinais de paz aos dois Poderes , pois sabe que as consequ\u00eancias de um embate poder\u00e3o resultar em um estrago em seu mandato.<\/p>\n<p>&nbsp;<\/p>\n<p>O pr\u00f3prio presidente \u00e9 alvo de processos. Bolsonaro dever\u00e1 ser ouvido, em breve, pela Pol\u00edcia Federal no inqu\u00e9rito aberto pelo Supremo Tribunal Federal que investiga se ele tentou interferir na corpora\u00e7\u00e3o, conforme den\u00fancias do ex-ministro Sergio Moro.<\/p>\n<p>&nbsp;<\/p>\n<p>Bolsonaro tamb\u00e9m est\u00e1 na linha de tiro do Tribunal Superior Eleitoral (TSE), que decidiu reabrir dois processos que tratam de den\u00fancias contra a chapa que o elegeu. No total, oito processos contra Bolsonaro e seu vice, o general Hamilton Mour\u00e3o, est\u00e3o correndo no TSE, quatro deles, com informa\u00e7\u00f5es robustas sobre disparo em massa de fake news pelo WathsApp.<\/p>\n<p>&nbsp;<\/p>\n<p><em>Bras\u00edlia, 18h05min<\/em><\/p>\n","protected":false},"excerpt":{"rendered":"<p>O presidente Jair Bolsonaro n\u00e3o poderia ter not\u00edcia pior: os tr\u00eas filhos dele, Fl\u00e1vio, Carlos e Eduardo, est\u00e3o no banco de r\u00e9us. Todos est\u00e3o sob investiga\u00e7\u00e3o da Justi\u00e7a, o que dar\u00e1 muita dor de cabe\u00e7a ao governo. N\u00e3o se descarta que, em algum momento, pelo menos um deles venha a ser preso. &nbsp; Vereador pelo [&hellip;]<\/p>\n","protected":false},"author":22,"featured_media":12208,"comment_status":"open","ping_status":"closed","sticky":false,"template":"","format":"standard","meta":{"footnotes":""},"categories":[600],"tags":[2554,2450,2650,3697,4708,282,2652,351,4668],"class_list":["post-14618","post","type-post","status-publish","format-standard","has-post-thumbnail","hentry","category-economia","tag-bolsonaro","tag-carlos","tag-eduardo","tag-flavio","tag-funcionarios-fantasmas","tag-justica","tag-presidente","tag-prisao","tag-rachadinha"],"_links":{"self":[{"href":"https:\/\/blogs.correiobraziliense.com.br\/vicente\/wp-json\/wp\/v2\/posts\/14618","targetHints":{"allow":["GET"]}}],"collection":[{"href":"https:\/\/blogs.correiobraziliense.com.br\/vicente\/wp-json\/wp\/v2\/posts"}],"about":[{"href":"https:\/\/blogs.correiobraziliense.com.br\/vicente\/wp-json\/wp\/v2\/types\/post"}],"author":[{"embeddable":true,"href":"https:\/\/blogs.correiobraziliense.com.br\/vicente\/wp-json\/wp\/v2\/users\/22"}],"replies":[{"embeddable":true,"href":"https:\/\/blogs.correiobraziliense.com.br\/vicente\/wp-json\/wp\/v2\/comments?post=14618"}],"version-history":[{"count":0,"href":"https:\/\/blogs.correiobraziliense.com.br\/vicente\/wp-json\/wp\/v2\/posts\/14618\/revisions"}],"wp:featuredmedia":[{"embeddable":true,"href":"https:\/\/blogs.correiobraziliense.com.br\/vicente\/wp-json\/wp\/v2\/media\/12208"}],"wp:attachment":[{"href":"https:\/\/blogs.correiobraziliense.com.br\/vicente\/wp-json\/wp\/v2\/media?parent=14618"}],"wp:term":[{"taxonomy":"category","embeddable":true,"href":"https:\/\/blogs.correiobraziliense.com.br\/vicente\/wp-json\/wp\/v2\/categories?post=14618"},{"taxonomy":"post_tag","embeddable":true,"href":"https:\/\/blogs.correiobraziliense.com.br\/vicente\/wp-json\/wp\/v2\/tags?post=14618"}],"curies":[{"name":"wp","href":"https:\/\/api.w.org\/{rel}","templated":true}]}}