{"id":14594,"date":"2020-07-01T14:22:01","date_gmt":"2020-07-01T17:22:01","guid":{"rendered":"http:\/\/blogs.correiobraziliense.com.br\/vicente\/?p=14594"},"modified":"2020-07-01T14:22:01","modified_gmt":"2020-07-01T17:22:01","slug":"rombo-da-seguridade-social-tem-alta-de-1557-puxado-por-auxilios","status":"publish","type":"post","link":"https:\/\/blogs.correiobraziliense.com.br\/vicente\/rombo-da-seguridade-social-tem-alta-de-1557-puxado-por-auxilios\/","title":{"rendered":"Rombo da Seguridade Social tem alta de 155,7%, puxado por aux\u00edlios"},"content":{"rendered":"<p><span style=\"font-weight: 400\">ROSANA HESSEL<\/span><\/p>\n<p>&nbsp;<\/p>\n<p>Conforme os n\u00fameros do <span style=\"font-weight: 400\">Relat\u00f3rio de Resumido de Execu\u00e7\u00e3o Or\u00e7ament\u00e1ria (RREO),\u00a0divulgados nesta quarta-feira (01\/07) pelo Tesouro Nacional,\u00a0<\/span><span style=\"font-weight: 400\">o rombo da Seguridade Social continua crescendo, mas em um ritmo muito mais acelerado do que no ano passado, puxado pelas despesas com o aux\u00edlio emergencial de R$ 600 no socorro dos mais pobres frente \u00e0 pandemia de covid-19.<\/span><\/p>\n<p>&nbsp;<\/p>\n<p><span style=\"font-weight: 400\">No acumulado de 2020 at\u00e9 maio, os gastos com a Seguridade Social superaram as receitas em R$ 260,6 bilh\u00f5es. Esse dado representa um salto de\u00a0<\/span><span style=\"font-weight: 400\">155,7% sobre o deficit de R$ 101,9 bilh\u00f5es registrado no mesmo per\u00edodo em 2019.\u00a0Entre janeiro e maio de 2019, o deficit estava em R$ 92,5 bilh\u00f5es, registrando crescimento de 10,2% na compara\u00e7\u00e3o com 2018, conforme os n\u00fameros do Tesouro.\u00a0<\/span><\/p>\n<p>&nbsp;<\/p>\n<p><span style=\"font-weight: 400\">A Seguridade Social inclui os gastos com o Regime Geral de Previd\u00eancia Social (RGPS), com o Regime Pr\u00f3prio de Previd\u00eancia Social (RPPS), sistema de aposentadoria dos servidores civis; e com as pens\u00f5es de militares.\u00a0\u00a0<\/span><\/p>\n<p>&nbsp;<\/p>\n<p><span style=\"font-weight: 400\">A despesa que registrou maior taxa de crescimento em 2020 foi a com assist\u00eancia social no acumulado at\u00e9 maio, que passou de R$ 37,9 bilh\u00f5es, em 2019, para R$ 119,9 bilh\u00f5es, neste ano. Essa varia\u00e7\u00e3o representou um salto de 216,3% na compara\u00e7\u00e3o anual.<\/span><\/p>\n<p>&nbsp;<\/p>\n<p><span style=\"font-weight: 400\">De acordo com o Tesouro, a piora nesse dado \u00e9 resultado da inclus\u00e3o das despesas com o aux\u00edlio emergencial de R$ 600 para os mais vulner\u00e1veis que foi prorrogado por mais dois meses, contribuindo para o aumento expressivo no rombo da Seguridade Social e do RGPS.<\/span><\/p>\n<p>&nbsp;<\/p>\n<p><span style=\"font-weight: 400\">Os dados do RREO ainda mostram que o deficit do RGPS registrou aumento de 99% no acumulado deste ano at\u00e9 maio em rela\u00e7\u00e3o ao mesmo per\u00edodo de 2019, para R$ 158,5 bilh\u00f5es.\u00a0<\/span><span style=\"font-weight: 400\">E<\/span><span style=\"font-weight: 400\">sse saldo negativo computado nos cinco meses do ano j\u00e1 responde por 74% de todo o deficit do ano passado, de R$ 213,3 bilh\u00f5es.\u00a0<\/span><\/p>\n<p>&nbsp;<\/p>\n<p>No acumulado em 12 meses at\u00e9 maio, o rombo do RGPS registrou expans\u00e3o de 46,9% na compara\u00e7\u00e3o anual, somando R$ 292,2 bilh\u00f5es e superando o ritmo de crescimento do ano passado. Em 2019, o rombo total teve alta de 9,8%.<\/p>\n<p>&nbsp;<\/p>\n<p>Pelos dados do Tesouro, o\u00a0deficit do RPPS somou R$ 19,8 bilh\u00f5es no acumulado do ano, dado 0,9% inferior ao registrado no mesmo per\u00edodo de 2019. J\u00e1 o total de d<span style=\"font-weight: 400\">espesas com inativos e pensionistas dessa categoria somou R$ 19,4 bilh\u00f5es e n\u00e3o foram cobertos por uma receita de R$ 2,2 bilh\u00f5es, totalizando um deficit de R$ 17,2 bilh\u00f5es<\/span><\/p>\n<p>&nbsp;<\/p>\n<p><span style=\"font-weight: 400\">Desde 2016, as despesas com militares inativos deixaram de ser classificadas como gastos da Seguridade Social, restando apenas as pens\u00f5es militares. Naquele ano, essa despesa caiu pela metade, passando de R$ 13,2 bilh\u00f5es, em 2015, para R$ 6,5 bilh\u00f5es. J\u00e1 no acumualdo de 2020 at\u00e9 maio, as despesas com pens\u00f5es de militares somaram R$ 13,6 bilh\u00f5es.<\/span><\/p>\n<p>&nbsp;<\/p>\n<p>Vale lembrar que, em maio, o rombo das contas do governo central, que inclui Tesouro Nacional, Banco Central e Previd\u00eancia Social somou R$ 126,6 bilh\u00f5es, um recorde hist\u00f3rico que ultrapassou o deficit prim\u00e1rio em todo ano de 2019, de R$ 95,1 bilh\u00f5es.<\/p>\n<p>&nbsp;<\/p>\n<p>De janeiro a maio de 2020, o saldo negativo das contas do governo central cresceu 1.171% em rela\u00e7\u00e3o a 2019, totalizando R$ 222,5 bilh\u00f5es, outro recorde hist\u00f3rico da s\u00e9rie do Tesouro, iniciada em 1997.<\/p>\n<p>&nbsp;<\/p>\n<p>Os dados do relat\u00f3rio fiscal do Tesouro ainda apontaram um rombo de R$ 140,3 bilh\u00f5es na Previd\u00eancia Social, um aumento 70,2%, em termos reais, sobre o saldo negativo registrado no mesmo per\u00edodo de 2020. A diferen\u00e7a dos dados com o RREO, segundo o Tesouro, est\u00e1 relacionada com a contabiliza\u00e7\u00e3o do pagamento das ordens banc\u00e1rias.<\/p>\n<p>&nbsp;<\/p>\n<p><strong>Dados e chutes<\/strong><\/p>\n<p>&nbsp;<\/p>\n<p>Ontem,\u00a0durante a cerim\u00f4nia de prorroga\u00e7\u00e3o do aux\u00edlio emergencial de R$ 600 por mais dois meses, o ministro da Economia, Paulo Guedes, disse que a reforma da Previd\u00eancia Social, aprovada em 2019 pelo Congresso, foi um dos pilares na redu\u00e7\u00e3o dos gastos p\u00fablicos. Contudo, os dados do Tesouro mostram que isso ainda n\u00e3o d\u00e1 para comprovar.<\/p>\n<p>&nbsp;<\/p>\n<p><span style=\"font-weight: 400\">Guedes costuma gabar-se de seus conhecimentos econ\u00f4micos e ao ponto de chamar de &#8220;chute&#8221; as previs\u00f5es mais pessimistas do que as dele sobre a retra\u00e7\u00e3o da economia contratada para 2020 devido \u00e0 pandemia de covid-19, inclusive, as do Fundo Monet\u00e1rio Internacional (FMI), que normalmente faz previs\u00f5es mais otimistas do que as do mercado. <\/span><\/p>\n<p>&nbsp;<\/p>\n<p><span style=\"font-weight: 400\">Recentemente, o Fundo elevou de 5,3% para 9,1% a estimativa de queda do PIB brasileiro. Na semana passada, o Banco Central passou a prever queda de 6,4% neste ano em vez de estabilidade. Contudo, at\u00e9 agora o Minist\u00e9rio da Economia ainda n\u00e3o atualizou suas previs\u00f5es que, desde maio, preveem retra\u00e7\u00e3o de 4,7%. A expectativa \u00e9 que amanh\u00e3 as novas proje\u00e7\u00f5es devem ser apresentadas pela pasta.<\/span><\/p>\n<p>&nbsp;<\/p>\n<p>Na divulga\u00e7\u00e3o dos dados fiscais na segunda-feira (29), o secret\u00e1rio do Tesouro, Mansueto Almeida, falou que o rombo das contas do governo central poder\u00e1 ultrapassar 11% do Produto Interno Bruto (PIB) neste ano, devido ao aumento das despesas emergenciais no combate aos impactos econ\u00f4micos da pandemia. A estimativa oficial para o deficit prim\u00e1rio do governo central ainda est\u00e1 em 9,5% do PIB.<\/p>\n<p>&nbsp;<\/p>\n<p>Ontem, em audi\u00eancia p\u00fablica com parlamentares, Guedes aumentou por conta pr\u00f3pria esse dado e falou em rombo de mais de 15% do PIB e admitiu que a d\u00edvida p\u00fablica bruta poder\u00e1 ultrapassar 100% do PIB.\u00a0 Resta saber quem anda chutando mais.<\/p>\n<p>&nbsp;<\/p>\n<p>&nbsp;<\/p>\n<p>&nbsp;<\/p>\n","protected":false},"excerpt":{"rendered":"<p>ROSANA HESSEL &nbsp; Conforme os n\u00fameros do Relat\u00f3rio de Resumido de Execu\u00e7\u00e3o Or\u00e7ament\u00e1ria (RREO),\u00a0divulgados nesta quarta-feira (01\/07) pelo Tesouro Nacional,\u00a0o rombo da Seguridade Social continua crescendo, mas em um ritmo muito mais acelerado do que no ano passado, puxado pelas despesas com o aux\u00edlio emergencial de R$ 600 no socorro dos mais pobres frente \u00e0 [&hellip;]<\/p>\n","protected":false},"author":22,"featured_media":0,"comment_status":"open","ping_status":"closed","sticky":false,"template":"","format":"standard","meta":{"footnotes":""},"categories":[600],"tags":[3613,429,1279,541,121],"class_list":["post-14594","post","type-post","status-publish","format-standard","hentry","category-economia","tag-paulo-guedes","tag-previdencia","tag-rgps","tag-rombo","tag-tesouro-nacional"],"_links":{"self":[{"href":"https:\/\/blogs.correiobraziliense.com.br\/vicente\/wp-json\/wp\/v2\/posts\/14594","targetHints":{"allow":["GET"]}}],"collection":[{"href":"https:\/\/blogs.correiobraziliense.com.br\/vicente\/wp-json\/wp\/v2\/posts"}],"about":[{"href":"https:\/\/blogs.correiobraziliense.com.br\/vicente\/wp-json\/wp\/v2\/types\/post"}],"author":[{"embeddable":true,"href":"https:\/\/blogs.correiobraziliense.com.br\/vicente\/wp-json\/wp\/v2\/users\/22"}],"replies":[{"embeddable":true,"href":"https:\/\/blogs.correiobraziliense.com.br\/vicente\/wp-json\/wp\/v2\/comments?post=14594"}],"version-history":[{"count":0,"href":"https:\/\/blogs.correiobraziliense.com.br\/vicente\/wp-json\/wp\/v2\/posts\/14594\/revisions"}],"wp:attachment":[{"href":"https:\/\/blogs.correiobraziliense.com.br\/vicente\/wp-json\/wp\/v2\/media?parent=14594"}],"wp:term":[{"taxonomy":"category","embeddable":true,"href":"https:\/\/blogs.correiobraziliense.com.br\/vicente\/wp-json\/wp\/v2\/categories?post=14594"},{"taxonomy":"post_tag","embeddable":true,"href":"https:\/\/blogs.correiobraziliense.com.br\/vicente\/wp-json\/wp\/v2\/tags?post=14594"}],"curies":[{"name":"wp","href":"https:\/\/api.w.org\/{rel}","templated":true}]}}