{"id":14561,"date":"2020-06-30T10:57:33","date_gmt":"2020-06-30T13:57:33","guid":{"rendered":"http:\/\/blogs.correiobraziliense.com.br\/vicente\/?p=14561"},"modified":"2020-06-30T10:57:33","modified_gmt":"2020-06-30T13:57:33","slug":"cnc-flexibilizacao-da-quarentena-em-junho-reduz-perdas-em-r-91-bi","status":"publish","type":"post","link":"https:\/\/blogs.correiobraziliense.com.br\/vicente\/cnc-flexibilizacao-da-quarentena-em-junho-reduz-perdas-em-r-91-bi\/","title":{"rendered":"CNC: Flexibiliza\u00e7\u00e3o da quarentena em junho reduz perdas em R$ 9,1 bi"},"content":{"rendered":"<p>ROSANA HESSEL<\/p>\n<p>&nbsp;<\/p>\n<p><span style=\"font-weight: 400\">A flexibiliza\u00e7\u00e3o da quarentena durante o m\u00eas de junho ajudou a reduzir as perdas do com\u00e9rcio em R$ 9,14 bilh\u00f5es, de acordo com dados da Confedera\u00e7\u00e3o Nacional do Com\u00e9rcio de Bens, Servi\u00e7os e Turismo (CNC).<\/span><\/p>\n<p>&nbsp;<\/p>\n<p><span style=\"font-weight: 400\">Nos 19 primeiros dias de junho, as perdas do varejo devido ao impacto da pandemia na economia somaram R$ 33,69 bilh\u00f5es. \u201cN\u00e3o fosse a flexibiliza\u00e7\u00e3o da quarentena, ou seja, mantido o ritmo mais lento de queda no \u00edndice de isolamento social, tal perda atingiria R$ 42,83 bilh\u00f5es, ou seja, a flexibiliza\u00e7\u00e3o da quarentena evitou uma perda R$ 9,14 bilh\u00f5es\u201d, destacou a entidade. S\u00e3o Paulo respondeu pela maior fatia desse ganho: R$ 3 bilh\u00f5es.<\/span><\/p>\n<p>&nbsp;<\/p>\n<p><span style=\"font-weight: 400\">De acordo com dados de uma pesquisa semanal da CNC, desde meados de mar\u00e7o, o varejo brasileiro j\u00e1 acumulou R$ 210,08 bilh\u00f5es em perdas de vendas com a pandemia. Deste total, 92,1% (R$ 193,39 bilh\u00f5es) ocorreram no chamado varejo n\u00e3o essencial.<\/span><\/p>\n<p>&nbsp;<\/p>\n<p><span style=\"font-weight: 400\">No fim de mar\u00e7o, no auge do isolamento social, o setor registrou perda semanal de\u00a0<\/span><span style=\"font-weight: 400\">R$ 23,12 bilh\u00f5es e, desde ent\u00e3o, tanto os segmentos do chamado varejo essencial, quanto\u00a0<\/span><span style=\"font-weight: 400\">aqueles considerados n\u00e3o essenciais apresentam clara tend\u00eancia de redu\u00e7\u00e3o nos registros\u00a0<\/span><span style=\"font-weight: 400\">semanais negativos devido ao crescimento do varejo on-line e \u00e0 redu\u00e7\u00e3o do isolamento social.<\/span><\/p>\n<p>&nbsp;<\/p>\n<p><span style=\"font-weight: 400\">A CNC destacou que o n\u00famero de transa\u00e7\u00f5es no e-commerce brasileiro tamb\u00e9m vem apresentando crescimento e<\/span><span style=\"font-weight: 400\">xponencial nos \u00faltimos meses, saltando de m\u00e9dia di\u00e1ria de 650 mil opera\u00e7\u00f5es, em fevereiro, para 1,2 milh\u00e3o, em maio, salto de 122% sobre\u00a0<\/span><span style=\"font-weight: 400\">ante maio de 2019.<\/span><\/p>\n<p>&nbsp;<\/p>\n<p><span style=\"font-weight: 400\">Apesar desse crescimento, a participa\u00e7\u00e3o do e-commerce no total faturado pelo varejo brasileiro ainda \u00e9 t\u00edmida, na medida em que aproximadamente 5% da aquisi\u00e7\u00e3o de produtos se d\u00e1 por meio do com\u00e9rcio eletr\u00f4nico.\u00a0<\/span><\/p>\n<p>&nbsp;<\/p>\n<p>&nbsp;<\/p>\n","protected":false},"excerpt":{"rendered":"<p>ROSANA HESSEL &nbsp; A flexibiliza\u00e7\u00e3o da quarentena durante o m\u00eas de junho ajudou a reduzir as perdas do com\u00e9rcio em R$ 9,14 bilh\u00f5es, de acordo com dados da Confedera\u00e7\u00e3o Nacional do Com\u00e9rcio de Bens, Servi\u00e7os e Turismo (CNC). &nbsp; Nos 19 primeiros dias de junho, as perdas do varejo devido ao impacto da pandemia na [&hellip;]<\/p>\n","protected":false},"author":22,"featured_media":0,"comment_status":"open","ping_status":"closed","sticky":false,"template":"","format":"standard","meta":{"footnotes":""},"categories":[600],"tags":[28,334,4505,179,3077],"class_list":["post-14561","post","type-post","status-publish","format-standard","hentry","category-economia","tag-cnc","tag-comercio","tag-covid-19","tag-crise","tag-quarentena"],"_links":{"self":[{"href":"https:\/\/blogs.correiobraziliense.com.br\/vicente\/wp-json\/wp\/v2\/posts\/14561","targetHints":{"allow":["GET"]}}],"collection":[{"href":"https:\/\/blogs.correiobraziliense.com.br\/vicente\/wp-json\/wp\/v2\/posts"}],"about":[{"href":"https:\/\/blogs.correiobraziliense.com.br\/vicente\/wp-json\/wp\/v2\/types\/post"}],"author":[{"embeddable":true,"href":"https:\/\/blogs.correiobraziliense.com.br\/vicente\/wp-json\/wp\/v2\/users\/22"}],"replies":[{"embeddable":true,"href":"https:\/\/blogs.correiobraziliense.com.br\/vicente\/wp-json\/wp\/v2\/comments?post=14561"}],"version-history":[{"count":0,"href":"https:\/\/blogs.correiobraziliense.com.br\/vicente\/wp-json\/wp\/v2\/posts\/14561\/revisions"}],"wp:attachment":[{"href":"https:\/\/blogs.correiobraziliense.com.br\/vicente\/wp-json\/wp\/v2\/media?parent=14561"}],"wp:term":[{"taxonomy":"category","embeddable":true,"href":"https:\/\/blogs.correiobraziliense.com.br\/vicente\/wp-json\/wp\/v2\/categories?post=14561"},{"taxonomy":"post_tag","embeddable":true,"href":"https:\/\/blogs.correiobraziliense.com.br\/vicente\/wp-json\/wp\/v2\/tags?post=14561"}],"curies":[{"name":"wp","href":"https:\/\/api.w.org\/{rel}","templated":true}]}}