{"id":14521,"date":"2020-06-29T13:08:18","date_gmt":"2020-06-29T16:08:18","guid":{"rendered":"http:\/\/blogs.correiobraziliense.com.br\/vicente\/?p=14521"},"modified":"2020-06-29T13:08:18","modified_gmt":"2020-06-29T16:08:18","slug":"deficit-primario-deste-ano-vai-ultrapassar-11-do-pib-diz-mansueto","status":"publish","type":"post","link":"https:\/\/blogs.correiobraziliense.com.br\/vicente\/deficit-primario-deste-ano-vai-ultrapassar-11-do-pib-diz-mansueto\/","title":{"rendered":"Deficit prim\u00e1rio deste ano vai ultrapassar 11% do PIB, diz Mansueto"},"content":{"rendered":"<p><span style=\"font-weight: 400\">ROSANA HESSEL<\/span><\/p>\n<p>&nbsp;<\/p>\n<p><span style=\"font-weight: 400\">Diante da piora nas contas p\u00fablicas e o aumento dos gastos emergenciais com medidas fiscais no combate \u00e0 pandemia de covid-19, deficit prim\u00e1rio do governo central em 2020 poder\u00e1 girar de R$ 800 bilh\u00f5es a R$ 850 bilh\u00f5es, superando 11% do Produto Interno Bruto (PIB) adiantou o secret\u00e1rio do Tesouro Nacional, Mansueto Almeida. <\/span><\/p>\n<p>&nbsp;<\/p>\n<p><span style=\"font-weight: 400\">Antes, o governo previa um rombo perto de R$ 700 bilh\u00f5es, ou algo em torno de 9,5% do PIB nas contas do governo central, mas Mansueto admitiu que ele ser\u00e1 maior devido \u00e0 prorroga\u00e7\u00e3o de programas de socorro \u00e0 economia, como o aux\u00edlio emergencial de R$ 600. O impacto adicional ser\u00e1 de R$ 100 bilh\u00f5es, se o benef\u00edcio for prorrogado por por dois meses ou em tr\u00eas parcelas de R$ 500, R$ 400 e R$ 300.<\/span><\/p>\n<p>&nbsp;<\/p>\n<p><span style=\"font-weight: 400\">\u201cO impacto ser\u00e1 o mesmo, de R$ 100 bilh\u00f5es, nos dois casos\u201d afirmou. \u201cE sim, o deficit prim\u00e1rio do governo central poder\u00e1 ultrapassar 11% do PIB\u201d, adiantou Mansueto, nesta segunda-feira (29\/06), durante videoconfer\u00eancia para jornalistas ao apresentar o resultado de maio das contas do governo central, que re\u00fane Tesouro, Previd\u00eancia Social e Banco Central.\u00a0\u00a0<\/span><span style=\"font-weight: 400\">No m\u00eas passado, o rombo fiscal foi de R$ 126,6 bilh\u00f5es, o maior da hist\u00f3ria para o per\u00edodo e, no acumulado do ano, o saldo da diferen\u00e7a entre receitas e despesas do governo federal saltou 1.171%, totalizando R$ 222,5 bilh\u00f5es.\u00a0 Ele ainda disse que o deficit nominal, que inclui os gastos com juros da d\u00edvida, poder\u00e1 chegar a 15% do PIB.<\/span><\/p>\n<p>&nbsp;<\/p>\n<p><span style=\"font-weight: 400\">As novas proje\u00e7\u00f5es do tamanho do rombo fiscal deste ano dever\u00e3o ser apresentados amanh\u00e3 pelo secret\u00e1rio especial de Fazenda, Waldery Rodrigues, adiantou Mansueto. Segundo ele, a piora nas contas p\u00fablicas \u00e9 decorrente do aumento de quase 70% nas despesas e da queda de mais de 40% na arrecada\u00e7\u00e3o. Ele lembrou que nem mesmo o empo\u00e7amento recorde previsto para o ano, de R$ 28 bilh\u00f5es, e a sobra em torno de R$ 17 bilh\u00f5es dos R$ 40 bilh\u00f5es previstos para o pacote de financiamento da folha de pequenas e m\u00e9dias empresas, ser\u00e3o suficientes para reverter essa piora no quadro fiscal.<\/span><\/p>\n<p>&nbsp;<\/p>\n<p><span style=\"font-weight: 400\">De acordo com Mansueto, apenas em maio, as despesas emergenciais no combate aos efeitos do novo coronav\u00edrus somaram R$ 113,8 bilh\u00f5es, o que elevou o volume substancialmente o volume das despesas obrigat\u00f3rias para mais de 100% da Receita Corrente L\u00edquida (RCL), que est\u00e1 em queda devido \u00e0 recess\u00e3o que dever\u00e1 fazer o Produto Interno Bruto (PIB) deste ano encolher mais de 6%.\u00a0 No acumulado em 12 meses at\u00e9 maio, o volume de despesas obrigat\u00f3rias correspondeu a 116% da RCL, algo que dever\u00e1 acender o alerta de investidores que ficam atentos \u00e0s contas p\u00fablicas para comprar t\u00edtulos do Tesouro.<\/span><\/p>\n<p>&nbsp;<\/p>\n<p><span style=\"font-weight: 400\">\u201cA receita l\u00edquida est\u00e1 caindo e o que podemos ver com esse aumento das despesas \u00e9 que tudo o governo n\u00e3o est\u00e1 conseguindo arrecadar o suficiente para cobrir os gastos obrigat\u00f3rios. Cada centavo acima da RCL \u00e9 deficit prim\u00e1rio e ele est\u00e1 ficando pior. O que o governo arrecada n\u00e3o \u00e9 mais suficiente para pagar as despesas obrigat\u00f3rias\u201d, destacou Mansueto em sua \u00faltima entrevista coletiva no cargo. Ele ser\u00e1 substitu\u00eddo no m\u00eas que vem por Bruno Funchal, diretor de programa da secretaria especial de Fazenda, que participou da entrevista junto com outros t\u00e9cnicos da pasta. Assim como o titular do Tesouro, o futuro secret\u00e1rio refor\u00e7ou a import\u00e2ncia de manuten\u00e7\u00e3o do teto de gastos e descartaram qualquer discuss\u00e3o dentro do governo para mudan\u00e7a na emenda constitucional que \u00e9 um dos pilares da confian\u00e7a do mercado no governo.<\/span><\/p>\n<p>&nbsp;<\/p>\n<p><span style=\"font-weight: 400\">Mansueto garantiu que apesar dessa piora no quadro fiscal, por enquanto, o Tesouro n\u00e3o est\u00e1 tendo problemas para a rolagem de t\u00edtulos da d\u00edvida p\u00fablica, mas admitiu que o prazo est\u00e1 cada vez mais curto.\u00a0 \u201cEm maio tivemos o maior volume de leil\u00f5es dos \u00faltimos 11 meses. Est\u00e1 ocorrendo um encurtamento da d\u00edvida, porque estamos vendendo t\u00edtulos muito curtos, com vencimento em at\u00e9 seis meses\u201d, disse. Ele citou que mercado vem demandando mais pelos t\u00edtulos indexados \u00e0 Selic (LFT) e pelas opera\u00e7\u00f5es compromissadas (overnight).\u00a0\u00a0<\/span><\/p>\n<p>&nbsp;<\/p>\n<p><span style=\"font-weight: 400\">N\u00e3o \u00e0 toa, as opera\u00e7\u00f5es compromissadas realizadas pelo Banco Central com t\u00edtulos do Tesouro voltaram a ficar acima de R$ 1 trilh\u00e3o desde fevereiro. Em abril, somaram R$ 1,29 trilh\u00e3o, o equivalente a 17,7% do PIB, conforme dados do BC.\u00a0 Em dezembro, esse tipo de opera\u00e7\u00e3o totalizou R$ 951,5 bilh\u00f5es, ou 13,1% do PIB. <\/span><\/p>\n<p>&nbsp;<\/p>\n<p><span style=\"font-weight: 400\">Mansueto refor\u00e7ou a necessidade de o governo manter os sinais de que continuar\u00e1 defendendo a austeridade fiscal. \u201cA situa\u00e7\u00e3o n\u00e3o \u00e9 t\u00e3o grave, porque os juros est\u00e3o baixos e eles devem continuar nesse patamar nos pr\u00f3ximos anos. Mas para isso acontecer, o mercado n\u00e3o pode ter d\u00favidas do compromisso do governo com a continuidade do ajuste fiscal. Caso contr\u00e1rio, esse cen\u00e1rio de juro baixo pode se reverter no custo da d\u00edvida\u201d, alertou.<\/span><\/p>\n<p>&nbsp;<\/p>\n<p><span style=\"font-weight: 400\">De acordo com o secret\u00e1rio, 60% da d\u00edvida p\u00fablica bruta atual est\u00e1 ligada aos juros e s\u00e3o de curto prazo.\u00a0 \u201c\u00c9 muito importante dar sinais corretos de ajuste fiscal\u201d, refor\u00e7ou. Pelas proje\u00e7\u00f5es do Fundo Monet\u00e1rio Internacional (FMI), que revisou de 5,3% para 9,1% a estimativa de queda do PIB brasileiro neste ano, a d\u00edvida p\u00fablica bruta dever\u00e1 ultrapassar 100% do PIB em 2020.<\/span><\/p>\n<p>&nbsp;<\/p>\n<p><span style=\"font-weight: 400\">Para o secret\u00e1rio do Tesouro, qualquer aumento de gastos p\u00fablicos daqui para frente precisar\u00e3o ser discutidos pelo Congresso e, caso o Legislativo e a sociedade, defendam um novo programa de renda m\u00ednima para o brasileiro, de forma permanente, esse custo dever\u00e1 ser contabilizado com o aumento da carga tribut\u00e1ria. \u201cHoje, o or\u00e7amento est\u00e1 engessado e o Congresso s\u00f3 pode discutir o destino de 6% dos recursos previstos para o ano, um percentual baixo e que n\u00e3o existe em nenhum outro pa\u00eds\u201d, destacou. Ele lembrou que o ajuste fiscal em despesas n\u00e3o obrigat\u00f3rias j\u00e1 vem sendo feito pelo governo e, portanto, reduzir gasto obrigat\u00f3rio, \u00e9 um processo mais lento.<\/span><\/p>\n<p>&nbsp;<\/p>\n","protected":false},"excerpt":{"rendered":"<p>ROSANA HESSEL &nbsp; Diante da piora nas contas p\u00fablicas e o aumento dos gastos emergenciais com medidas fiscais no combate \u00e0 pandemia de covid-19, deficit prim\u00e1rio do governo central em 2020 poder\u00e1 girar de R$ 800 bilh\u00f5es a R$ 850 bilh\u00f5es, superando 11% do Produto Interno Bruto (PIB) adiantou o secret\u00e1rio do Tesouro Nacional, Mansueto [&hellip;]<\/p>\n","protected":false},"author":22,"featured_media":0,"comment_status":"open","ping_status":"closed","sticky":false,"template":"","format":"standard","meta":{"footnotes":""},"categories":[600],"tags":[542,3602,804,573,541,121],"class_list":["post-14521","post","type-post","status-publish","format-standard","hentry","category-economia","tag-contas-publicas","tag-deficit-primario","tag-divida-publica","tag-mansueto-almeida","tag-rombo","tag-tesouro-nacional"],"_links":{"self":[{"href":"https:\/\/blogs.correiobraziliense.com.br\/vicente\/wp-json\/wp\/v2\/posts\/14521","targetHints":{"allow":["GET"]}}],"collection":[{"href":"https:\/\/blogs.correiobraziliense.com.br\/vicente\/wp-json\/wp\/v2\/posts"}],"about":[{"href":"https:\/\/blogs.correiobraziliense.com.br\/vicente\/wp-json\/wp\/v2\/types\/post"}],"author":[{"embeddable":true,"href":"https:\/\/blogs.correiobraziliense.com.br\/vicente\/wp-json\/wp\/v2\/users\/22"}],"replies":[{"embeddable":true,"href":"https:\/\/blogs.correiobraziliense.com.br\/vicente\/wp-json\/wp\/v2\/comments?post=14521"}],"version-history":[{"count":0,"href":"https:\/\/blogs.correiobraziliense.com.br\/vicente\/wp-json\/wp\/v2\/posts\/14521\/revisions"}],"wp:attachment":[{"href":"https:\/\/blogs.correiobraziliense.com.br\/vicente\/wp-json\/wp\/v2\/media?parent=14521"}],"wp:term":[{"taxonomy":"category","embeddable":true,"href":"https:\/\/blogs.correiobraziliense.com.br\/vicente\/wp-json\/wp\/v2\/categories?post=14521"},{"taxonomy":"post_tag","embeddable":true,"href":"https:\/\/blogs.correiobraziliense.com.br\/vicente\/wp-json\/wp\/v2\/tags?post=14521"}],"curies":[{"name":"wp","href":"https:\/\/api.w.org\/{rel}","templated":true}]}}