{"id":14503,"date":"2020-06-28T18:39:19","date_gmt":"2020-06-28T21:39:19","guid":{"rendered":"http:\/\/blogs.correiobraziliense.com.br\/vicente\/?p=14503"},"modified":"2020-06-28T18:39:19","modified_gmt":"2020-06-28T21:39:19","slug":"de-olho-na-reeleicao-ordem-de-bolsonaro-e-destruir-moro","status":"publish","type":"post","link":"https:\/\/blogs.correiobraziliense.com.br\/vicente\/de-olho-na-reeleicao-ordem-de-bolsonaro-e-destruir-moro\/","title":{"rendered":"De olho na reelei\u00e7\u00e3o, ordem de Bolsonaro \u00e9 destruir Moro"},"content":{"rendered":"<h2>Os bolsonaristas de carteirinha j\u00e1 foram avisados: enquanto o presidente Jair Bolsonaro leva adiante \u2014 at\u00e9 aguentar \u2014 o figurino paz e amor, a ordem \u00e9 destruir qualquer possibilidade de o ex-juiz Sergio Moro ser candidato \u00e0 Presid\u00eancia da Rep\u00fablica em 2022.<\/h2>\n<p>&nbsp;<\/p>\n<p>Em conversas restritas, Bolsonaro vem enfatizando que a possibilidade de ele ser reeleito \u00e9 grande. Mas, para isso, \u00e9 importante minar, o m\u00e1ximo poss\u00edvel, as chances de o ex-ministro da Justi\u00e7a lan\u00e7ar candidatura. H\u00e1, inclusive, uma legenda pronto para receb\u00ea-lo: o Podemos, do senador \u00c1lvaro Dias.<\/p>\n<p>&nbsp;<\/p>\n<p>Para Bolsonaro e aliados, com a esquerda muito dividida e o PT radicalizando, o &#8220;inimigo n\u00famero 1&#8221; a ser abatido \u00e9 o ex-juiz. Levantamentos de posse do Pal\u00e1cio do Planalto apontam que apenas Moro tem, hoje, chances de fazer frente ao presidente na disputa de 2022, at\u00e9 por dividir a direita e ter uma imagem de mais moderado que Bolsonaro.<\/p>\n<p>&nbsp;<\/p>\n<p><strong>Disputa entre Bolsonaro se Moro se acirrar\u00e1 na redes socais<\/strong><\/p>\n<p>&nbsp;<\/p>\n<p>Todos no entorno do presidente reconhecem que h\u00e1 uma longa caminhada at\u00e9 o in\u00edcio da briga pelo Pal\u00e1cio do Planalto. Mas, no entender dos aliados de Bolsonaro, \u00e9 importante criar o m\u00e1ximo poss\u00edvel de dificuldade para Moro. Isso significa uma a\u00e7\u00e3o de peso nas redes sociais, nas quais s\u00f3 o ex-ministro atualmente rivaliza com o presidente.<\/p>\n<p>&nbsp;<\/p>\n<p>Quem acompanha esse movimento de perto viu, nas recentes interfer\u00eancias do procurador-geral da Rep\u00fablica, Augusto Aras, na Opera\u00e7\u00e3o Lava-Jato, uma forma de Bolsonaro levantar poss\u00edveis falhas de Moro quando ele era o juiz respons\u00e1vel pelas investiga\u00e7\u00f5es em Curitiba.<\/p>\n<p>&nbsp;<\/p>\n<p>Na \u00faltima sexta-feira (26\/06), quatro procuradores da Lava-Jato pediram exonera\u00e7\u00e3o por discordarem dos m\u00e9todos de Aras, que tem na subprocuradora da Rep\u00fablica Lindora Maria de Ara\u00fajo, atual respons\u00e1vel pela condu\u00e7\u00e3o da opera\u00e7\u00e3o na PGR, uma fiel escudeira. Ela \u00e9 bolsonarista de primeira hora.<\/p>\n<p>&nbsp;<\/p>\n<p>A interfer\u00eancia de Aras na Lava-Jato remete ao vazamento de dados da opera\u00e7\u00e3o por meio do site <em>The Intercept<\/em>. Mensagens tornadas p\u00fablicas mostraram que Moro interferiu indevidamente nas investiga\u00e7\u00f5es, inclusive orientando como o Minist\u00e9rio P\u00fablico deveria agir, o que \u00e9 proibido.<\/p>\n<p>&nbsp;<\/p>\n<p><strong>Moro foi superministro do Bolsonaro<\/strong><\/p>\n<p>&nbsp;<\/p>\n<p>\u00c0 \u00e9poca da Vaza-Jato, Moro era considerado superministro de Bolsonaro, que o defendeu em v\u00e1rias ocasi\u00f5es. Agora, n\u00e3o ser\u00e1 surpresa se Aras abastecer o presidente da Rep\u00fablica com informa\u00e7\u00f5es que as equipes da Lava-Jato guardam com muito rigor.<\/p>\n<p>&nbsp;<\/p>\n<p>Moro deve se preparar, pois, neste momento, ele \u00e9 o principal advers\u00e1rio a ser combatido pelos bolsonaristas. Ser\u00e1 uma guerra, uma vez que aliados do ex-juiz est\u00e3o dispostos a reagir aos ataques, sobretudo com informa\u00e7\u00f5es sigilosas do processo que investiga o senador Fl\u00e1vio Bolsonaro no esquema de rachadinhas na Assembleia Legislativa do Rio de Janeiro.<\/p>\n<p>&nbsp;<\/p>\n<p>\u00c9 briga de cachorro grande, como diz um integrante do Planalto.<\/p>\n<p>&nbsp;<\/p>\n<p><em>Bras\u00edlia, 18h39min<\/em><\/p>\n","protected":false},"excerpt":{"rendered":"<p>Os bolsonaristas de carteirinha j\u00e1 foram avisados: enquanto o presidente Jair Bolsonaro leva adiante \u2014 at\u00e9 aguentar \u2014 o figurino paz e amor, a ordem \u00e9 destruir qualquer possibilidade de o ex-juiz Sergio Moro ser candidato \u00e0 Presid\u00eancia da Rep\u00fablica em 2022. &nbsp; Em conversas restritas, Bolsonaro vem enfatizando que a possibilidade de ele ser [&hellip;]<\/p>\n","protected":false},"author":22,"featured_media":11699,"comment_status":"open","ping_status":"closed","sticky":false,"template":"","format":"standard","meta":{"footnotes":""},"categories":[600],"tags":[4344,2554,665,4695,4667,4696,41,2392,4697],"class_list":["post-14503","post","type-post","status-publish","format-standard","has-post-thumbnail","hentry","category-economia","tag-4344","tag-bolsonaro","tag-eleicoes","tag-ex-juiz","tag-ex-ministro","tag-inimigo","tag-lava-jato","tag-moro","tag-presidenciais"],"_links":{"self":[{"href":"https:\/\/blogs.correiobraziliense.com.br\/vicente\/wp-json\/wp\/v2\/posts\/14503","targetHints":{"allow":["GET"]}}],"collection":[{"href":"https:\/\/blogs.correiobraziliense.com.br\/vicente\/wp-json\/wp\/v2\/posts"}],"about":[{"href":"https:\/\/blogs.correiobraziliense.com.br\/vicente\/wp-json\/wp\/v2\/types\/post"}],"author":[{"embeddable":true,"href":"https:\/\/blogs.correiobraziliense.com.br\/vicente\/wp-json\/wp\/v2\/users\/22"}],"replies":[{"embeddable":true,"href":"https:\/\/blogs.correiobraziliense.com.br\/vicente\/wp-json\/wp\/v2\/comments?post=14503"}],"version-history":[{"count":0,"href":"https:\/\/blogs.correiobraziliense.com.br\/vicente\/wp-json\/wp\/v2\/posts\/14503\/revisions"}],"wp:featuredmedia":[{"embeddable":true,"href":"https:\/\/blogs.correiobraziliense.com.br\/vicente\/wp-json\/wp\/v2\/media\/11699"}],"wp:attachment":[{"href":"https:\/\/blogs.correiobraziliense.com.br\/vicente\/wp-json\/wp\/v2\/media?parent=14503"}],"wp:term":[{"taxonomy":"category","embeddable":true,"href":"https:\/\/blogs.correiobraziliense.com.br\/vicente\/wp-json\/wp\/v2\/categories?post=14503"},{"taxonomy":"post_tag","embeddable":true,"href":"https:\/\/blogs.correiobraziliense.com.br\/vicente\/wp-json\/wp\/v2\/tags?post=14503"}],"curies":[{"name":"wp","href":"https:\/\/api.w.org\/{rel}","templated":true}]}}