{"id":14490,"date":"2020-06-26T10:27:14","date_gmt":"2020-06-26T13:27:14","guid":{"rendered":"http:\/\/blogs.correiobraziliense.com.br\/vicente\/?p=14490"},"modified":"2020-06-26T10:27:14","modified_gmt":"2020-06-26T13:27:14","slug":"para-militares-se-tiver-juizo-bolsonaro-sera-reeleito-no-primeiro-turno","status":"publish","type":"post","link":"https:\/\/blogs.correiobraziliense.com.br\/vicente\/para-militares-se-tiver-juizo-bolsonaro-sera-reeleito-no-primeiro-turno\/","title":{"rendered":"Para militares, se &#8220;tiver ju\u00edzo&#8221;, Bolsonaro ser\u00e1 reeleito no primeiro turno"},"content":{"rendered":"<h2>Depois de avaliarem com lupa os dados da mais recente pesquisa Datafolha, militares muito pr\u00f3ximos do presidente Jair Bolsonaro afirmam que, se ele &#8220;tiver ju\u00edzo&#8221;, ser\u00e1 reeleito em primeiro turno nas elei\u00e7\u00f5es de 2022.<\/h2>\n<p>&nbsp;<\/p>\n<p>Os militares chamam de &#8220;ju\u00edzo&#8221; um comportamento menos belicoso por parte do presidente. Na vis\u00e3o dos fardados, mesmo com todo o desgaste na imagem presidencial, inclusive com a pris\u00e3o de Fabr\u00edcio Queiroz, ex-assessor do senador Fl\u00e1vio Bolsonaro, o presidente continua sendo avaliado como bom e \u00f3timo por 32% dos eleitores.<\/p>\n<p>&nbsp;<\/p>\n<p>Assim, com um discurso mais ameno e menos embates com o Congresso e o Judici\u00e1rio, Bolsonaro poder\u00e1 atrair de volta boa parte dos eleitores que ele perdeu depois que tomou posse. Os militares dizem que esses eleitores desgarrados n\u00e3o votam em candidatos da esquerda, mas tamb\u00e9m n\u00e3o toleram a postura autorit\u00e1ria e briguenta do presidente.<\/p>\n<p>&nbsp;<\/p>\n<p>O pessoal da caserna que detalha dados de pesquisas ressalta, ainda, que, neste momento, a imagem de Bolsonaro est\u00e1 prejudicada pela pandemia do novo coronav\u00edrus e pelo p\u00e9ssimo desempenho da economia. Mas, no in\u00edcio de 2022, certamente, o pior da covid-19 j\u00e1 ter\u00e1 passado e a economia estar\u00e1 se recuperando.<\/p>\n<p>&nbsp;<\/p>\n<p>Isso ajudar\u00e1 a amenizar o mau-humor do grosso do eleitorado em rela\u00e7\u00e3o ao presidente. Os militares assinalam ainda que a promessa do governo de investir mais no social, com o lan\u00e7amento do Renda Brasil nos pr\u00f3ximos meses, inflar\u00e1 o apoio da popula\u00e7\u00e3o de mais baixa renda ao governo.<\/p>\n<p>&nbsp;<\/p>\n<p><strong>Aux\u00edlio emergencial ajuda Bolsonaro<\/strong><\/p>\n<p>&nbsp;<\/p>\n<p>Eles perceberam que o apoio desse p\u00fablico a Bolsonaro vem crescendo sistematicamente desde que o governo anunciou o pagamento do aux\u00edlio emergencial de R$ 600 \u00e0s pessoas que perderam renda por causa da pandemia do novo coronav\u00edrus.<\/p>\n<p>&nbsp;<\/p>\n<p>N\u00e3o foi por acaso, portanto, que o governo pagar\u00e1 mais tr\u00eas parcelas do benef\u00edcio, mesmo que em valores decrescentes: R$ 500, R$ 400 e R$ 300. Quando esses pagamentos chegarem ao final, ser\u00e3o substitu\u00eddos pelo Renda Brasil, que nada mais ser\u00e1 do que o Bolsa Fam\u00edlia fortalecido.<\/p>\n<p>&nbsp;<\/p>\n<p>A meta \u00e9 de que o Bolsa Fam\u00edlia, que custa hoje R$ 32 bilh\u00f5es por ano, seja dobrado com a aglutina\u00e7\u00e3o de programas como o abono salarial, o seguro-defeso e o farm\u00e1cia popular. &#8220;Enfim, um Bolsonaro paz e amor com um programa social robusto ser\u00e1 dif\u00edcil de ser vencido nas urnas&#8221;, diz um limitar.<\/p>\n<p>&nbsp;<\/p>\n<p>Ele ressalta ainda que o presidente tem a seu favor, para a reelei\u00e7\u00e3o, o fato de n\u00e3o haver, no horizonte, nenhum candidato com capacidade para lhe fazer frente nas urnas. N\u00e3o neste momento.<\/p>\n<p>&nbsp;<\/p>\n<p><em>Bras\u00edlia, 10h27min<\/em><\/p>\n","protected":false},"excerpt":{"rendered":"<p>Depois de avaliarem com lupa os dados da mais recente pesquisa Datafolha, militares muito pr\u00f3ximos do presidente Jair Bolsonaro afirmam que, se ele &#8220;tiver ju\u00edzo&#8221;, ser\u00e1 reeleito em primeiro turno nas elei\u00e7\u00f5es de 2022. &nbsp; Os militares chamam de &#8220;ju\u00edzo&#8221; um comportamento menos belicoso por parte do presidente. Na vis\u00e3o dos fardados, mesmo com todo [&hellip;]<\/p>\n","protected":false},"author":22,"featured_media":14290,"comment_status":"open","ping_status":"closed","sticky":false,"template":"","format":"standard","meta":{"footnotes":""},"categories":[600],"tags":[4569,2554,3441,4570,4691,769,465,4692,4274],"class_list":["post-14490","post","type-post","status-publish","format-standard","has-post-thumbnail","hentry","category-economia","tag-auxilio","tag-bolsonaro","tag-datafolha","tag-emergencial","tag-juizo","tag-militares","tag-pesquisa","tag-primeiro-turno","tag-reeleicao"],"_links":{"self":[{"href":"https:\/\/blogs.correiobraziliense.com.br\/vicente\/wp-json\/wp\/v2\/posts\/14490","targetHints":{"allow":["GET"]}}],"collection":[{"href":"https:\/\/blogs.correiobraziliense.com.br\/vicente\/wp-json\/wp\/v2\/posts"}],"about":[{"href":"https:\/\/blogs.correiobraziliense.com.br\/vicente\/wp-json\/wp\/v2\/types\/post"}],"author":[{"embeddable":true,"href":"https:\/\/blogs.correiobraziliense.com.br\/vicente\/wp-json\/wp\/v2\/users\/22"}],"replies":[{"embeddable":true,"href":"https:\/\/blogs.correiobraziliense.com.br\/vicente\/wp-json\/wp\/v2\/comments?post=14490"}],"version-history":[{"count":0,"href":"https:\/\/blogs.correiobraziliense.com.br\/vicente\/wp-json\/wp\/v2\/posts\/14490\/revisions"}],"wp:featuredmedia":[{"embeddable":true,"href":"https:\/\/blogs.correiobraziliense.com.br\/vicente\/wp-json\/wp\/v2\/media\/14290"}],"wp:attachment":[{"href":"https:\/\/blogs.correiobraziliense.com.br\/vicente\/wp-json\/wp\/v2\/media?parent=14490"}],"wp:term":[{"taxonomy":"category","embeddable":true,"href":"https:\/\/blogs.correiobraziliense.com.br\/vicente\/wp-json\/wp\/v2\/categories?post=14490"},{"taxonomy":"post_tag","embeddable":true,"href":"https:\/\/blogs.correiobraziliense.com.br\/vicente\/wp-json\/wp\/v2\/tags?post=14490"}],"curies":[{"name":"wp","href":"https:\/\/api.w.org\/{rel}","templated":true}]}}