{"id":14489,"date":"2020-06-26T12:40:34","date_gmt":"2020-06-26T15:40:34","guid":{"rendered":"http:\/\/blogs.correiobraziliense.com.br\/vicente\/?p=14489"},"modified":"2020-06-26T12:40:34","modified_gmt":"2020-06-26T15:40:34","slug":"fmi-al-virou-epicentro-global-da-covid-19-e-pedagio-sera-caro","status":"publish","type":"post","link":"https:\/\/blogs.correiobraziliense.com.br\/vicente\/fmi-al-virou-epicentro-global-da-covid-19-e-pedagio-sera-caro\/","title":{"rendered":"FMI: AL virou epicentro global da covid-19 e ped\u00e1gio ser\u00e1 caro"},"content":{"rendered":"<p>ROSANA HESSEL<\/p>\n<p>&nbsp;<\/p>\n<p><span style=\"font-weight: 400\">O avan\u00e7o da covid-19 na Am\u00e9rica Latina e no Caribe tornou a regi\u00e3o novo epicentro da covid-19, provocando um custo de 100 mil vidas perdidas e um ped\u00e1gio econ\u00f4mico bem caro, de acordo com o Fundo Monet\u00e1rio Internacional (FMI).<\/span><\/p>\n<p>&nbsp;<\/p>\n<p><span style=\"font-weight: 400\">O Fundo anunciou nesta sexta-feira (26\/06) uma atualiza\u00e7\u00e3o mais detalhada para a regi\u00e3o das previs\u00f5es de abril. R<\/span><span style=\"font-weight: 400\">evisou a previs\u00e3o de queda do PIB da Am\u00e9rica Latina e do Caribe de 5,2% para 9,4%, o que ser\u00e1 a maior recess\u00e3o j\u00e1 projetada para a regi\u00e3o. O \u00f3rg\u00e3o, inclusive, fez um alerta sobre a flexibiliza\u00e7\u00e3o da quarentena nos pa\u00edses latino-americanos e recomendou cautela na abertura das economias.\u00a0<\/span><\/p>\n<p>&nbsp;<\/p>\n<p><span style=\"font-weight: 400\"> \u201cAs taxas de infec\u00e7\u00f5es por Covid-19 e mortes per capita est\u00e3o se aproximando das registradas na Europa e nos Estados Unidos, com o n\u00famero total de casos representando cerca de 25% do total mundial\u201d, destacou Alejandro Werner, diretor do FMI para o Hemisf\u00e9rio Ocidental, nesta sexta-feira (26\/06). No ano que vem, a recupera\u00e7\u00e3o ser\u00e1 de 3,7%, conforme as estimativas do Fundo.\u00a0<\/span><span style=\"font-weight: 400\">\u201cOs pa\u00edses devem ser muito cautelosos ao considerarem a abertura de suas economias e permitir que a ci\u00eancia e os dados guiem o processo. De fato, muitos pa\u00edses da regi\u00e3o t\u00eam altos n\u00edveis de informalidade e baixa prepara\u00e7\u00e3o para lidar com novos surtos, como uma alta ocupa\u00e7\u00e3o de leitos de unidades de terapia intensiva e baixa capacidade de teste e rastreamento\u201d, alertou.\u00a0<\/span><\/p>\n<p>&nbsp;<\/p>\n<p><span style=\"font-weight: 400\">Werner reconheceu que o desempenho econ\u00f4mico dos pa\u00edses latino-americanos no primeiro trimestre &#8220;foi pior do que o esperado&#8221; e os principais indicadores de atividade, como produ\u00e7\u00e3o industrial, consumo de eletricidade, vendas no varejo e emprego, segundo ele, sinalizam que o decl\u00ednio no segundo trimestre &#8220;ser\u00e1 mais profundo do que o projetado em abril&#8221;. <\/span><\/p>\n<p>&nbsp;<\/p>\n<p><span style=\"font-weight: 400\">\u201cA dissemina\u00e7\u00e3o ainda r\u00e1pida da pandemia indica que as medidas de distanciamento social precisar\u00e3o permanecer por mais tempo, deprimindo a atividade econ\u00f4mica no segundo semestre de 2020 e deixando mais cicatrizes daqui para frente\u201d, afirmou. Para ele, devido \u00e0 retra\u00e7\u00e3o da economia global, as exporta\u00e7\u00f5es de commodities dos pa\u00edses da regi\u00e3o devem sofrer queda na demanda. <\/span><\/p>\n<p>&nbsp;<\/p>\n<p><span style=\"font-weight: 400\">Na quarta-feira (24), o FMI divulgou as novas previs\u00f5es para o PIB global e passou a prever que o mundo dever\u00e1 encolher 4,9%, neste ano, e n\u00e3o mais 3%, taxa estimada em abril. Em meio ao aumento das incertezas na economia brasileira, o Fundo prev\u00ea <\/span><span style=\"font-weight: 400\">retra\u00e7\u00e3o de 9,1% no PIB do Brasil neste ano e recupera\u00e7\u00e3o em 2021 ser\u00e1 de 3,6%, abaixo da m\u00e9dia previs\u00e3o para a regi\u00e3o. <\/span><\/p>\n<p>&nbsp;<\/p>\n<p><span style=\"font-weight: 400\">As proje\u00e7\u00f5es do Fundo para a economia brasileira est\u00e3o mais pessimistas do que as do mercado e do Banco Central, que estimam recuo de 6,5% e de 6,4% no PIB neste ano, respectivamente.<\/span><\/p>\n<p>&nbsp;<\/p>\n<p><span style=\"font-weight: 400\">As proje\u00e7\u00f5es anteriores para o pa\u00eds previam queda de 5,3%, neste ano, e crescimento de 2,9%, em 2021. \u201cAs autoridades responderam fortemente \u00e0 pandemia, com cortes decisivos nas taxas de juros e significativos\u00a0 pacotes de liquidez, incluindo transfer\u00eancias diretas de dinheiro direcionadas aos grupos de trabalhadores mais vulner\u00e1veis\u201d, elogiou Werner. No entanto, ele acredita que a retirada desse est\u00edmulo dever\u00e1 pesar no crescimento de 2021, \u201cuma vez que a economia brasileira vinha se recuperando lentamente da recess\u00e3o de 2015 e 2016\u201d.<\/span><\/p>\n<p>&nbsp;<\/p>\n<p><span style=\"font-weight: 400\">Pelas novas proje\u00e7\u00f5es do FMI, o PIB da Argentina dever\u00e1 encolher 9,9% e o do M\u00e9xico, 10,3%. O Fundo prev\u00ea retra\u00e7\u00e3o de 13,9% no PIB do Peru e tombo de 20%\u00a0 no PIB da Venezuela.\u00a0<\/span><span style=\"font-weight: 400\">No Chile, o organismo projeta que o PIB real vai recuar ,5% em 2020, registrando recupera\u00e7\u00e3o de 5%, em 2021<\/span><span style=\"font-weight: 400\">. <\/span><\/p>\n<p>&nbsp;<\/p>\n<p><span style=\"font-weight: 400\">Apenas a Am\u00e9rica Latina dever\u00e1 ter retra\u00e7\u00e3o de 9,9% neste ano. Excluindo a Venezuela, a taxa de queda do PIB da Am\u00e9rica do Sul dever\u00e1 ser de 9,5%, pelas novas estimativas do Fundo. Antes, o recuo previsto era de 5,1%.\u00a0<\/span><\/p>\n","protected":false},"excerpt":{"rendered":"<p>ROSANA HESSEL &nbsp; O avan\u00e7o da covid-19 na Am\u00e9rica Latina e no Caribe tornou a regi\u00e3o novo epicentro da covid-19, provocando um custo de 100 mil vidas perdidas e um ped\u00e1gio econ\u00f4mico bem caro, de acordo com o Fundo Monet\u00e1rio Internacional (FMI). &nbsp; O Fundo anunciou nesta sexta-feira (26\/06) uma atualiza\u00e7\u00e3o mais detalhada para a [&hellip;]<\/p>\n","protected":false},"author":22,"featured_media":0,"comment_status":"open","ping_status":"closed","sticky":false,"template":"","format":"standard","meta":{"footnotes":""},"categories":[600],"tags":[2879,2250,58],"class_list":["post-14489","post","type-post","status-publish","format-standard","hentry","category-economia","tag-america-latina","tag-fmi","tag-pib"],"_links":{"self":[{"href":"https:\/\/blogs.correiobraziliense.com.br\/vicente\/wp-json\/wp\/v2\/posts\/14489","targetHints":{"allow":["GET"]}}],"collection":[{"href":"https:\/\/blogs.correiobraziliense.com.br\/vicente\/wp-json\/wp\/v2\/posts"}],"about":[{"href":"https:\/\/blogs.correiobraziliense.com.br\/vicente\/wp-json\/wp\/v2\/types\/post"}],"author":[{"embeddable":true,"href":"https:\/\/blogs.correiobraziliense.com.br\/vicente\/wp-json\/wp\/v2\/users\/22"}],"replies":[{"embeddable":true,"href":"https:\/\/blogs.correiobraziliense.com.br\/vicente\/wp-json\/wp\/v2\/comments?post=14489"}],"version-history":[{"count":0,"href":"https:\/\/blogs.correiobraziliense.com.br\/vicente\/wp-json\/wp\/v2\/posts\/14489\/revisions"}],"wp:attachment":[{"href":"https:\/\/blogs.correiobraziliense.com.br\/vicente\/wp-json\/wp\/v2\/media?parent=14489"}],"wp:term":[{"taxonomy":"category","embeddable":true,"href":"https:\/\/blogs.correiobraziliense.com.br\/vicente\/wp-json\/wp\/v2\/categories?post=14489"},{"taxonomy":"post_tag","embeddable":true,"href":"https:\/\/blogs.correiobraziliense.com.br\/vicente\/wp-json\/wp\/v2\/tags?post=14489"}],"curies":[{"name":"wp","href":"https:\/\/api.w.org\/{rel}","templated":true}]}}