{"id":14479,"date":"2020-06-24T09:51:24","date_gmt":"2020-06-24T12:51:24","guid":{"rendered":"http:\/\/blogs.correiobraziliense.com.br\/vicente\/?p=14479"},"modified":"2020-06-24T09:51:24","modified_gmt":"2020-06-24T12:51:24","slug":"concursos-terao-que-prever-impacto-orcamentario-de-longo-prazo","status":"publish","type":"post","link":"https:\/\/blogs.correiobraziliense.com.br\/vicente\/concursos-terao-que-prever-impacto-orcamentario-de-longo-prazo\/","title":{"rendered":"Concursos ter\u00e3o que prever impacto or\u00e7ament\u00e1rio de longo prazo"},"content":{"rendered":"<p>O Minist\u00e9rio da Economia vai exigir estudo de impacto de longo prazo na an\u00e1lise de autoriza\u00e7\u00e3o de concursos p\u00fablicos na Administra\u00e7\u00e3o P\u00fablica Federal. A determina\u00e7\u00e3o est\u00e1 na Instru\u00e7\u00e3o Normativa 46, publicada nesta quarta-feira (24) no <em>Di\u00e1rio Oficial da Uni\u00e3o<\/em>.<\/p>\n<p>&nbsp;<\/p>\n<p>A <a href=\"http:\/\/(http:\/\/pesquisa.in.gov.br\/imprensa\/jsp\/visualiza\/index.jsp?data=24\/06\/2020&amp;jornal=515&amp;pagina=9)\">norma<\/a> atualiza a Instru\u00e7\u00e3o Normativa N\u00ba 2, de 27 de agosto de 2019 e a exig\u00eancia passar\u00e1 a valer a partir de 1\u00ba de julho.<\/p>\n<p>&nbsp;<\/p>\n<p>A Lei de Responsabilidade Fiscal (LRF) e a Lei de Diretrizes Or\u00e7ament\u00e1rias (LDO) j\u00e1 preveem que as solicita\u00e7\u00f5es de concurso p\u00fablico tenham a estimativa de impacto or\u00e7ament\u00e1rio-financeiro no exerc\u00edcio em que entrar em vigor e nos dois exerc\u00edcios subsequentes. Cada novo provimento gera aumento de despesa obrigat\u00f3ria de car\u00e1ter continuado na administra\u00e7\u00e3o p\u00fablica, uma vez que, ap\u00f3s o per\u00edodo de est\u00e1gio probat\u00f3rio, os servidores adquirem estabilidade.<\/p>\n<p>&nbsp;<\/p>\n<p>Estudos da Secretaria de Gest\u00e3o e Desempenho de Pessoal (SGP) do Minist\u00e9rio da Economia demonstram que, em m\u00e9dia, os servidores t\u00eam permanecido em atividade por um per\u00edodo de 34,2 anos. J\u00e1 as aposentadorias duram, em m\u00e9dia, 24,6 anos.<\/p>\n<p>&nbsp;<\/p>\n<p>A tend\u00eancia \u00e9 que esses per\u00edodos sejam gradualmente maiores em virtude do aumento na expectativa de vida da popula\u00e7\u00e3o.\u00a0Assim, a despesa com um servidor permanece na folha de pagamento durante toda a sua vida funcional ativa, passando pelo per\u00edodo de aposentadoria e continua at\u00e9 que o seu \u00faltimo dependente perca o direito \u00e0 pens\u00e3o, o que gira em torno de 11 anos. Ou seja, em m\u00e9dia, s\u00e3o 69,8 anos de comprometimento da Uni\u00e3o com o servidor.<\/p>\n<p>&nbsp;<\/p>\n<p>A medida vale para todos os \u00f3rg\u00e3os e entidades integrantes do Sistema de Pessoal Civil da Administra\u00e7\u00e3o Federal (Sipec) na solicita\u00e7\u00e3o de autoriza\u00e7\u00e3o de concursos p\u00fablicos e de provimento de cargos p\u00fablicos.<\/p>\n","protected":false},"excerpt":{"rendered":"<p>O Minist\u00e9rio da Economia vai exigir estudo de impacto de longo prazo na an\u00e1lise de autoriza\u00e7\u00e3o de concursos p\u00fablicos na Administra\u00e7\u00e3o P\u00fablica Federal. A determina\u00e7\u00e3o est\u00e1 na Instru\u00e7\u00e3o Normativa 46, publicada nesta quarta-feira (24) no Di\u00e1rio Oficial da Uni\u00e3o. &nbsp; A norma atualiza a Instru\u00e7\u00e3o Normativa N\u00ba 2, de 27 de agosto de 2019 e [&hellip;]<\/p>\n","protected":false},"author":22,"featured_media":0,"comment_status":"open","ping_status":"closed","sticky":false,"template":"","format":"standard","meta":{"footnotes":""},"categories":[600],"tags":[911,3666,4690,549],"class_list":["post-14479","post","type-post","status-publish","format-standard","hentry","category-economia","tag-concursos","tag-ministerio-da-economia","tag-normas","tag-orcamento"],"_links":{"self":[{"href":"https:\/\/blogs.correiobraziliense.com.br\/vicente\/wp-json\/wp\/v2\/posts\/14479","targetHints":{"allow":["GET"]}}],"collection":[{"href":"https:\/\/blogs.correiobraziliense.com.br\/vicente\/wp-json\/wp\/v2\/posts"}],"about":[{"href":"https:\/\/blogs.correiobraziliense.com.br\/vicente\/wp-json\/wp\/v2\/types\/post"}],"author":[{"embeddable":true,"href":"https:\/\/blogs.correiobraziliense.com.br\/vicente\/wp-json\/wp\/v2\/users\/22"}],"replies":[{"embeddable":true,"href":"https:\/\/blogs.correiobraziliense.com.br\/vicente\/wp-json\/wp\/v2\/comments?post=14479"}],"version-history":[{"count":0,"href":"https:\/\/blogs.correiobraziliense.com.br\/vicente\/wp-json\/wp\/v2\/posts\/14479\/revisions"}],"wp:attachment":[{"href":"https:\/\/blogs.correiobraziliense.com.br\/vicente\/wp-json\/wp\/v2\/media?parent=14479"}],"wp:term":[{"taxonomy":"category","embeddable":true,"href":"https:\/\/blogs.correiobraziliense.com.br\/vicente\/wp-json\/wp\/v2\/categories?post=14479"},{"taxonomy":"post_tag","embeddable":true,"href":"https:\/\/blogs.correiobraziliense.com.br\/vicente\/wp-json\/wp\/v2\/tags?post=14479"}],"curies":[{"name":"wp","href":"https:\/\/api.w.org\/{rel}","templated":true}]}}