{"id":14455,"date":"2020-06-23T22:01:30","date_gmt":"2020-06-24T01:01:30","guid":{"rendered":"http:\/\/blogs.correiobraziliense.com.br\/vicente\/?p=14455"},"modified":"2020-06-23T22:01:30","modified_gmt":"2020-06-24T01:01:30","slug":"ministerio-da-economia-capacitara-lideres-para-o-setor-publico","status":"publish","type":"post","link":"https:\/\/blogs.correiobraziliense.com.br\/vicente\/ministerio-da-economia-capacitara-lideres-para-o-setor-publico\/","title":{"rendered":"Minist\u00e9rio da Economia capacitar\u00e1 l\u00edderes para o setor p\u00fablico"},"content":{"rendered":"<h2>Na tentativa de criar l\u00edderes para o setor p\u00fablico, o Minist\u00e9rio da Economia lan\u00e7a, nesta quarta-feira (24\/06), o Programa LideraGov, que tem a miss\u00e3o de identificar futuras lideran\u00e7as entre os servidores e trein\u00e1-las por meio de cursos para altos executivos. Somente na pasta comandada por Paulo Guedes, 36 mil funcion\u00e1rios est\u00e3o aptos a participar do programa.<\/h2>\n<p>&nbsp;<\/p>\n<p>O LideraGOV, que est\u00e1 sendo tocado pela Secretaria de Gest\u00e3o e Desempenho de Pessoal (SGP) do Minist\u00e9rio da Economia, ser\u00e1 detalhado no <em>Di\u00e1rio Oficial da Uni\u00e3o<\/em> desta quarta. Al\u00e9m da secretaria, o LideraGOV tem a parceria da\u00a0Escola Nacional de Administra\u00e7\u00e3o P\u00fablica (Enap) e do Centro de Lideran\u00e7a P\u00fablica (CLP).<\/p>\n<p>&nbsp;<\/p>\n<p>\u201cNosso prop\u00f3sito \u00e9 buscar servidores com perfil de lideran\u00e7a que possam ser acompanhados, formando uma rede apta a ocupar postos-chave no governo. O servi\u00e7o p\u00fablico tem excelentes profissionais. Precisamos valoriz\u00e1-los e oferecer protagonismo para eles, e essa \u00e9 uma excelente oportunidade\u201d, diz o secret\u00e1rio de Gest\u00e3o e Desempenho de Pessoal, Wagner Lenhart.<\/p>\n<p>&nbsp;<\/p>\n<p>Ele ressalta que o programa ter\u00e1 dura\u00e7\u00e3o de um ano e, inicialmente, ter\u00e1 como p\u00fablico-alvo servidores do Minist\u00e9rio da Economia que n\u00e3o ocupam postos de lideran\u00e7a. A partir dos resultados da experi\u00eancia piloto, dever\u00e1 ser estendido a toda a administra\u00e7\u00e3o p\u00fablica federal.<\/p>\n<p>&nbsp;<\/p>\n<p>\u201cO programa piloto desenvolver\u00e1 60 servidores em duas turmas de 30 alunos. Num primeiro momento, enquanto durar a situa\u00e7\u00e3o de emerg\u00eancia da pandemia, a forma\u00e7\u00e3o ser\u00e1 ofertada em ambiente virtual\u201d, afirma Jane Mendon\u00e7a, diretora do Departamento de Carreiras e Desenvolvimento de Pessoas.<\/p>\n<p>&nbsp;<\/p>\n<p>Segundo Diogo Costa, presidente da Enap, o programa trar\u00e1 oportunidades \u00fanicas a seus participantes: \u201cQuem participar do LideraGOV poder\u00e1 se inscrever no nosso programa de altos executivos, mesmo n\u00e3o tendo DAS\/FCPE 4, 5 e 6 ou cargo de natureza especial. Este \u00e9 mais um diferencial para estimular e potencializar o desenvolvimento\u201d, ressalta.<\/p>\n<p>&nbsp;<\/p>\n<p><em>Bras\u00edlia, 22h01min<\/em><\/p>\n","protected":false},"excerpt":{"rendered":"<p>Na tentativa de criar l\u00edderes para o setor p\u00fablico, o Minist\u00e9rio da Economia lan\u00e7a, nesta quarta-feira (24\/06), o Programa LideraGov, que tem a miss\u00e3o de identificar futuras lideran\u00e7as entre os servidores e trein\u00e1-las por meio de cursos para altos executivos. Somente na pasta comandada por Paulo Guedes, 36 mil funcion\u00e1rios est\u00e3o aptos a participar do [&hellip;]<\/p>\n","protected":false},"author":22,"featured_media":13463,"comment_status":"open","ping_status":"closed","sticky":false,"template":"","format":"standard","meta":{"footnotes":""},"categories":[600],"tags":[589,4688,467,4689,1836,960,123],"class_list":["post-14455","post","type-post","status-publish","format-standard","has-post-thumbnail","hentry","category-economia","tag-economia","tag-futuras","tag-governo","tag-liderancas","tag-ministerio","tag-programa","tag-servidores"],"_links":{"self":[{"href":"https:\/\/blogs.correiobraziliense.com.br\/vicente\/wp-json\/wp\/v2\/posts\/14455","targetHints":{"allow":["GET"]}}],"collection":[{"href":"https:\/\/blogs.correiobraziliense.com.br\/vicente\/wp-json\/wp\/v2\/posts"}],"about":[{"href":"https:\/\/blogs.correiobraziliense.com.br\/vicente\/wp-json\/wp\/v2\/types\/post"}],"author":[{"embeddable":true,"href":"https:\/\/blogs.correiobraziliense.com.br\/vicente\/wp-json\/wp\/v2\/users\/22"}],"replies":[{"embeddable":true,"href":"https:\/\/blogs.correiobraziliense.com.br\/vicente\/wp-json\/wp\/v2\/comments?post=14455"}],"version-history":[{"count":0,"href":"https:\/\/blogs.correiobraziliense.com.br\/vicente\/wp-json\/wp\/v2\/posts\/14455\/revisions"}],"wp:featuredmedia":[{"embeddable":true,"href":"https:\/\/blogs.correiobraziliense.com.br\/vicente\/wp-json\/wp\/v2\/media\/13463"}],"wp:attachment":[{"href":"https:\/\/blogs.correiobraziliense.com.br\/vicente\/wp-json\/wp\/v2\/media?parent=14455"}],"wp:term":[{"taxonomy":"category","embeddable":true,"href":"https:\/\/blogs.correiobraziliense.com.br\/vicente\/wp-json\/wp\/v2\/categories?post=14455"},{"taxonomy":"post_tag","embeddable":true,"href":"https:\/\/blogs.correiobraziliense.com.br\/vicente\/wp-json\/wp\/v2\/tags?post=14455"}],"curies":[{"name":"wp","href":"https:\/\/api.w.org\/{rel}","templated":true}]}}