{"id":14443,"date":"2020-06-23T14:50:53","date_gmt":"2020-06-23T17:50:53","guid":{"rendered":"http:\/\/blogs.correiobraziliense.com.br\/vicente\/?p=14443"},"modified":"2020-06-23T14:50:53","modified_gmt":"2020-06-23T17:50:53","slug":"arrecadacao-federal-despenca-3292-em-maio-para-r-774-bi","status":"publish","type":"post","link":"https:\/\/blogs.correiobraziliense.com.br\/vicente\/arrecadacao-federal-despenca-3292-em-maio-para-r-774-bi\/","title":{"rendered":"Arrecada\u00e7\u00e3o federal despenca 32,92% em maio, para R$ 77,4 bi"},"content":{"rendered":"<p><span style=\"font-weight: 400\">ROSANA HESSEL<\/span><\/p>\n<p><span style=\"font-weight: 400\">Em meio \u00e0 crise provocada pela pandemia de covid-19, a arrecada\u00e7\u00e3o de tributos pela Receita Federal registrou queda real, descontada a infla\u00e7\u00e3o, de 32,92%, em maio na compara\u00e7\u00e3o com o mesmo per\u00edodo de 2019, totalizando R$ 77,4 bilh\u00f5es, conforme dados do Minist\u00e9rio da Economia divulgados nesta ter\u00e7a-feira (23\/03). <\/span><\/p>\n<p>&nbsp;<\/p>\n<p><span style=\"font-weight: 400\">E<\/span>sse \u00e9 o pior resultado mensal no ano e o menor para o m\u00eas desde 2005.\u00a0 Em rela\u00e7\u00e3o ao m\u00eas de abril, quando o Fisco recolheu R$ 93,3 bilh\u00f5es, o recuo, em termos reais, da receita administrada pela Receita foi de 23,18%.<\/p>\n<p>&nbsp;<\/p>\n<p>No acumulado do ano, a receita total encolheu 11,93% na compara\u00e7\u00e3o com o mesmo intervalo do ano passado, totalizando R$ 579,7 bilh\u00f5es entre janeiro e maio.<\/p>\n<p>&nbsp;<\/p>\n<p>De acordo com o chefe\u00a0\u00a0do Centro de Estudos Tribut\u00e1rios e Aduaneiros da Receita Federal, Claudemir Malaquias, a piora nos indicadores macroecon\u00f4mico, o diferimento de tributos e a suspens\u00e3o da cobran\u00e7a do Imposto sobre Opera\u00e7\u00f5es Financeiras (IOF) foram respons\u00e1veis pela queda na arrecada\u00e7\u00e3o de maio.<\/p>\n<p>&nbsp;<\/p>\n<p>O adiamento do pagamento de tributos e a ren\u00fancia do IOF responderam por R$ 32,2 bilh\u00f5es da perda de receita administrada pelo Fisco dos R$ 36,7 bilh\u00f5es totais em maio, ou seja, 87,7%.<\/p>\n<p>&nbsp;<\/p>\n<p>Apenas o diferimento de tributos somou R$ 29,9 bilh\u00f5es em maio e acumula R$ 65 bilh\u00f5es no ano, o que representa mais da metade dos R$ 121 bilh\u00f5es previstos com a posterga\u00e7\u00e3o e do parcelamento do pagamento de tributos dos contribuintes por tr\u00eas meses. &#8220;Essa estimativa poder\u00e1 ser revista, porque 40% dos contribuintes continuaram realizando os pagamentos&#8221;, destacou.<\/p>\n<p>&nbsp;<\/p>\n<p>A arrecada\u00e7\u00e3o com tributos sobre os combust\u00edveis registrou o maior tombo na receita acumulada no ano, de 42,63%, para R$ 14,2 bilh\u00f5es. Impostos recolhidos por entidades financeiras, que recolhem o maior volume de tributos entre as empresas, teve recuo de 11,42%, para R$ 65,2 bilh\u00f5es.<\/p>\n<p>&nbsp;<\/p>\n<p>De acordo com Malaquias, o recuo de quase 33% na arrecada\u00e7\u00e3o de maio, \u00e9 o maior desde maio de 2005, e esse tombo foi devido, principalmente, ao diferimento no recolhimento de tributos.<\/p>\n<p>&nbsp;<\/p>\n<p>Ao ser questionado sobre as perspectivas para junho frente ao relaxamento da quarentena em v\u00e1rias capitais do pa\u00eds, ele evitou fazer proje\u00e7\u00f5es, porque ainda n\u00e3o h\u00e1 garantias de melhora na arrecada\u00e7\u00e3o. &#8220;Precisamos esperar e ver o que vai acontecer com as medidas de retomada das atividades. Pode n\u00e3o acontecer nada significante, porque nem sempre a reabertura poder\u00e1 representar uma retomada da atividade econ\u00f4mica propriamente dita&#8221;, afirmou.<\/p>\n<p>&nbsp;<\/p>\n","protected":false},"excerpt":{"rendered":"<p>ROSANA HESSEL Em meio \u00e0 crise provocada pela pandemia de covid-19, a arrecada\u00e7\u00e3o de tributos pela Receita Federal registrou queda real, descontada a infla\u00e7\u00e3o, de 32,92%, em maio na compara\u00e7\u00e3o com o mesmo per\u00edodo de 2019, totalizando R$ 77,4 bilh\u00f5es, conforme dados do Minist\u00e9rio da Economia divulgados nesta ter\u00e7a-feira (23\/03). &nbsp; Esse \u00e9 o pior [&hellip;]<\/p>\n","protected":false},"author":22,"featured_media":0,"comment_status":"open","ping_status":"closed","sticky":false,"template":"","format":"standard","meta":{"footnotes":""},"categories":[600],"tags":[297,4073,3666,4510,8],"class_list":["post-14443","post","type-post","status-publish","format-standard","hentry","category-economia","tag-arrecadacao","tag-fisco","tag-ministerio-da-economia","tag-pandemia","tag-receita-federal"],"_links":{"self":[{"href":"https:\/\/blogs.correiobraziliense.com.br\/vicente\/wp-json\/wp\/v2\/posts\/14443","targetHints":{"allow":["GET"]}}],"collection":[{"href":"https:\/\/blogs.correiobraziliense.com.br\/vicente\/wp-json\/wp\/v2\/posts"}],"about":[{"href":"https:\/\/blogs.correiobraziliense.com.br\/vicente\/wp-json\/wp\/v2\/types\/post"}],"author":[{"embeddable":true,"href":"https:\/\/blogs.correiobraziliense.com.br\/vicente\/wp-json\/wp\/v2\/users\/22"}],"replies":[{"embeddable":true,"href":"https:\/\/blogs.correiobraziliense.com.br\/vicente\/wp-json\/wp\/v2\/comments?post=14443"}],"version-history":[{"count":0,"href":"https:\/\/blogs.correiobraziliense.com.br\/vicente\/wp-json\/wp\/v2\/posts\/14443\/revisions"}],"wp:attachment":[{"href":"https:\/\/blogs.correiobraziliense.com.br\/vicente\/wp-json\/wp\/v2\/media?parent=14443"}],"wp:term":[{"taxonomy":"category","embeddable":true,"href":"https:\/\/blogs.correiobraziliense.com.br\/vicente\/wp-json\/wp\/v2\/categories?post=14443"},{"taxonomy":"post_tag","embeddable":true,"href":"https:\/\/blogs.correiobraziliense.com.br\/vicente\/wp-json\/wp\/v2\/tags?post=14443"}],"curies":[{"name":"wp","href":"https:\/\/api.w.org\/{rel}","templated":true}]}}