{"id":1441,"date":"2016-06-15T07:01:58","date_gmt":"2016-06-15T10:01:58","guid":{"rendered":"https:\/\/blogs.correiobraziliense.com.br\/vicente\/?p=1441"},"modified":"2016-06-15T08:52:33","modified_gmt":"2016-06-15T11:52:33","slug":"fora-cunha","status":"publish","type":"post","link":"https:\/\/blogs.correiobraziliense.com.br\/vicente\/fora-cunha\/","title":{"rendered":"Coluna no Correio: Fora Cunha"},"content":{"rendered":"<p>O Brasil ficou um pouquinho melhor, ontem, diante da decis\u00e3o do Conselho de \u00c9tica da C\u00e2mara de aprovar, por 11 votos a nove, parecer favor\u00e1vel \u00e0 cassa\u00e7\u00e3o do deputado Eduardo Cunha por quebra de decoro parlamentar ao omitir a exist\u00eancia de contas em seu nome no exterior. Se o resultado fosse outro, certamente os nobres deputados que participaram da vota\u00e7\u00e3o teriam dado uma banana para a \u00e9tica e o combate \u00e0 corrup\u00e7\u00e3o. Seria uma afronta ao pa\u00eds.<\/p>\n<p>&nbsp;<\/p>\n<p>A batalha para expurgar Cunha da vida p\u00fablica e, se poss\u00edvel, bot\u00e1-lo atr\u00e1s das grades ainda ser\u00e1 longa. Quem conhece o peemedebista eleito pelo Rio de Janeiro sabe que ele n\u00e3o se curvar\u00e1 facilmente \u00e0 decis\u00e3o da Comiss\u00e3o de \u00c9tica. Assim como manobrou para que o processo que se encerrou ontem se arrastasse por oito meses, o prazo mais longo da hist\u00f3ria, usar\u00e1 todas as armas para tentar anular a puni\u00e7\u00e3o na Comiss\u00e3o de Constitui\u00e7\u00e3o e Justi\u00e7a e no plen\u00e1rio.<\/p>\n<p>&nbsp;<\/p>\n<p>Para que Cunha, que est\u00e1 afastado de suas fun\u00e7\u00f5es desde 5 de maio, seja cassado de vez, seus colegas ter\u00e3o que garantir pelo menos 257 votos. Assim como acompanhou atentamente a vota\u00e7\u00e3o do processo de impeachment da presidente Dilma Rousseff, a popula\u00e7\u00e3o estar\u00e1 atenta ao posicionamento dos parlamentares. Todos sabem que esse, de longe, \u00e9 o pior Legislativo que o pa\u00eds j\u00e1 teve. Mas se acredita que, frente a tantas provas do envolvimento do peemedebista com corrup\u00e7\u00e3o, lavagem de dinheiro, forma\u00e7\u00e3o de quadrilha e falsidade ideol\u00f3gica, o bom senso prevalecer\u00e1.<\/p>\n<p>&nbsp;<\/p>\n<p>Cunha \u00e9, sem d\u00favida, a figura mais nefasta de que se tem not\u00edcia hoje em dia. Ele simboliza tudo de ruim de que o pa\u00eds precisa se livrar. Manipulador, usou, de forma escancarada, o cargo de presidente da C\u00e2mara para criar uma rede de prote\u00e7\u00e3o que ampliou seu poder. Distribuiu favores e dinheiro a aliados para que pudesse direcion\u00e1-los de acordo com seus interesses. Chegou ao ponto de preparar dossi\u00eas contra dezenas de deputados, distribu\u00eddos ao menor sinal de trai\u00e7\u00e3o.<\/p>\n<p>&nbsp;<\/p>\n<p>Em um pa\u00eds s\u00e9rio, Cunha j\u00e1 estaria preso h\u00e1 muito tempo. O fato de ele circular livremente, agir nas sombras e ostentar poder ao nomear ministros e l\u00edderes do governo no Congresso \u00e9 uma afronta aos cidad\u00e3os de bem. Agora, com a C\u00e2mara come\u00e7ando a fazer o seu trabalho, \u00e9 fundamental que o Supremo Tribunal Federal (STF) acelere o passo e acate o pedido de pris\u00e3o do deputado feito pelo procurador-geral da Rep\u00fablica, Rodrigo Janot. O fato de o ministro Teori Zavascki ter negado o encarceramento do presidente do Senado, Renan Calheiros, do senador Romero Juc\u00e1 e do ex-presidente Jos\u00e9 Sarney indica que ele est\u00e1 prestes a acatar o pedido contra Cunha.<\/p>\n<p>&nbsp;<\/p>\n<p><b>Virar a p\u00e1gina<\/b><\/p>\n<p>&nbsp;<\/p>\n<p>O in\u00edcio da queda definitiva de Cunha provocou alvoro\u00e7o entre investidores, que tentam mapear qual o real poder de estrago que ele pode fazer no governo interino de Michel Temer caso saia atirando. H\u00e1, entre os analistas, quem acredite que o estrago a ser feito pelo deputado pode superar o impacto de poss\u00edveis desdobramentos da Opera\u00e7\u00e3o Lava-Jato. O peemedebista tem muitos parlamentares nas m\u00e3os. Se realmente perder o mandato, n\u00e3o se intimidar\u00e1 em levar para o buraco gente gra\u00fada com ele, alguns hoje em cargos estrat\u00e9gicos na Esplanada dos Minist\u00e9rios.<\/p>\n<p>&nbsp;<\/p>\n<p>\u201cO risco Cunha n\u00e3o est\u00e1 totalmente precificado pelo mercado\u201d, afirma um executivo de um grande banco. \u201cSabemos que ele pode detonar uma bomba com consequ\u00eancias dram\u00e1ticas. Mas tendemos a acreditar que h\u00e1 um certo exagero quando se fala do poder do deputado\u201d, acrescenta. Na avalia\u00e7\u00e3o do executivo, s\u00e3o de 99% as chances de Temer ser efetivado no governo assim que o Senado aprovar o impeachment definitivo de Dilma Rousseff. \u201cAgora, essa margem cai um pouco quando se olha para at\u00e9 o fim de 2018. H\u00e1 muitos riscos no meio do caminho\u201d, emenda.<\/p>\n<p>&nbsp;<\/p>\n<p>A tend\u00eancia, acreditam os especialistas, \u00e9 de que, com a press\u00e3o popular aumentando, a C\u00e2mara acelere o processo de cassa\u00e7\u00e3o de Cunha. Os partidos devem se unir em torno dessa posi\u00e7\u00e3o, para que o Senado se sinta mais confort\u00e1vel a fim de apear Dilma de vez da Presid\u00eancia da Rep\u00fablica. \u201cO pa\u00eds precisa virar a p\u00e1gina rapidamente. Tirar Cunha do circuito e dar a Temer um mandato definitivo s\u00e3o decis\u00f5es fundamentais. S\u00f3 assim, a economia ter\u00e1 condi\u00e7\u00f5es de retomar o f\u00f4lego\u201d, reconhece um integrante da equipe comandada pelo ministro da Fazenda, Henrique Meirelles.<\/p>\n<p>&nbsp;<\/p>\n<p><b>Alento de esperan\u00e7a<\/b><\/p>\n<p>&nbsp;<\/p>\n<p>Para Carlos Thadeu de Freitas Gomes, ex-diretor do Banco Central e economista-chefe da Confedera\u00e7\u00e3o Nacional do Com\u00e9rcio (CNC), as incertezas pol\u00edticas agravam a recess\u00e3o, que \u00e9 dram\u00e1tica. Sem terem a certeza de que Temer continuar\u00e1 no comando do pa\u00eds, as empresas n\u00e3o v\u00e3o investir. N\u00e3o havendo a amplia\u00e7\u00e3o dos neg\u00f3cios, n\u00e3o h\u00e1 como reverter o desemprego e a queda da renda. N\u00e3o h\u00e1 confian\u00e7a para nada. \u201cA recess\u00e3o \u00e9 hoje o maior problema do pa\u00eds do ponto de vista econ\u00f4mico. N\u00e3o \u00e9 mais a infla\u00e7\u00e3o, que continua alta, mas cair\u00e1 sistematicamente nos pr\u00f3ximos meses\u201d, diz.<\/p>\n<p>&nbsp;<\/p>\n<p>Thadeu ressalta que, com a inseguran\u00e7a pol\u00edtica se dissipando, o governo ter\u00e1 condi\u00e7\u00f5es de aprovar medidas importantes no Congresso para o ajuste fiscal. A mais aguardada delas, a que limita o aumento dos gastos \u00e0 infla\u00e7\u00e3o do ano anterior, s\u00f3 dever\u00e1 ser votada depois do impeachment de Dilma. Havia a expectativa de que a Proposta de Emenda \u00e0 Constitui\u00e7\u00e3o (PEC) sobre o tema fosse votada at\u00e9 julho. Mas ter\u00e1 que aguardar. Enquanto isso, o ex\u00e9rcito de 11,4 milh\u00f5es de desempregados continuar\u00e1 aumentando, destruindo sonhos de muitas fam\u00edlias. Neste Brasil sombrio, a poss\u00edvel cassa\u00e7\u00e3o de Cunha ser\u00e1 um alento de esperan\u00e7a por dias melhores.<\/p>\n<p>&nbsp;<\/p>\n<p><i>Bras\u00edlia, 07h01min<\/i><\/p>\n","protected":false},"excerpt":{"rendered":"<p>O Brasil ficou um pouquinho melhor, ontem, diante da decis\u00e3o do Conselho de \u00c9tica da C\u00e2mara de aprovar, por 11 votos a nove, parecer favor\u00e1vel \u00e0 cassa\u00e7\u00e3o do deputado Eduardo Cunha por quebra de decoro parlamentar ao omitir a exist\u00eancia de contas em seu nome no exterior. Se o resultado fosse outro, certamente os nobres [&hellip;]<\/p>\n","protected":false},"author":22,"featured_media":0,"comment_status":"open","ping_status":"closed","sticky":false,"template":"","format":"standard","meta":{"footnotes":""},"categories":[1],"tags":[253,254,255,11,61],"class_list":["post-1441","post","type-post","status-publish","format-standard","hentry","category-sem-categoria","tag-cassacao","tag-congresso","tag-corrupcao","tag-dilma-rousseff","tag-eduardo-cunha"],"_links":{"self":[{"href":"https:\/\/blogs.correiobraziliense.com.br\/vicente\/wp-json\/wp\/v2\/posts\/1441","targetHints":{"allow":["GET"]}}],"collection":[{"href":"https:\/\/blogs.correiobraziliense.com.br\/vicente\/wp-json\/wp\/v2\/posts"}],"about":[{"href":"https:\/\/blogs.correiobraziliense.com.br\/vicente\/wp-json\/wp\/v2\/types\/post"}],"author":[{"embeddable":true,"href":"https:\/\/blogs.correiobraziliense.com.br\/vicente\/wp-json\/wp\/v2\/users\/22"}],"replies":[{"embeddable":true,"href":"https:\/\/blogs.correiobraziliense.com.br\/vicente\/wp-json\/wp\/v2\/comments?post=1441"}],"version-history":[{"count":2,"href":"https:\/\/blogs.correiobraziliense.com.br\/vicente\/wp-json\/wp\/v2\/posts\/1441\/revisions"}],"predecessor-version":[{"id":1443,"href":"https:\/\/blogs.correiobraziliense.com.br\/vicente\/wp-json\/wp\/v2\/posts\/1441\/revisions\/1443"}],"wp:attachment":[{"href":"https:\/\/blogs.correiobraziliense.com.br\/vicente\/wp-json\/wp\/v2\/media?parent=1441"}],"wp:term":[{"taxonomy":"category","embeddable":true,"href":"https:\/\/blogs.correiobraziliense.com.br\/vicente\/wp-json\/wp\/v2\/categories?post=1441"},{"taxonomy":"post_tag","embeddable":true,"href":"https:\/\/blogs.correiobraziliense.com.br\/vicente\/wp-json\/wp\/v2\/tags?post=1441"}],"curies":[{"name":"wp","href":"https:\/\/api.w.org\/{rel}","templated":true}]}}