{"id":14394,"date":"2020-05-11T12:57:49","date_gmt":"2020-05-11T15:57:49","guid":{"rendered":"https:\/\/blogs.correiobraziliense.com.br\/vicente\/?p=14067"},"modified":"2020-05-11T12:57:49","modified_gmt":"2020-05-11T15:57:49","slug":"itau-unibanco-piora-projecoes-macroeconomicas-para-o-brasil","status":"publish","type":"post","link":"https:\/\/blogs.correiobraziliense.com.br\/vicente\/itau-unibanco-piora-projecoes-macroeconomicas-para-o-brasil\/","title":{"rendered":"Ita\u00fa Unibanco piora proje\u00e7\u00f5es macroecon\u00f4micas para o Brasil"},"content":{"rendered":"<p><span style=\"font-weight: 400\">ROSANA HESSEL<\/span><\/p>\n<p>&nbsp;<\/p>\n<p><span style=\"font-weight: 400\">O Ita\u00fa Unibanco acaba de revisar o cen\u00e1rio da economia brasileira e piorou a expectativa para o Produto Interno Bruto (PIB) de 2020, a queda prevista passou de 2,5% para 4,5%.\u00a0\u00a0<\/span>A institui\u00e7\u00e3o projeta recuo de 2,1%, no PIB do primeiro trimestre deste ano, e contra\u00e7\u00e3o de 10,6%, no segundo trimestre.<\/p>\n<p>&nbsp;<\/p>\n<p><span style=\"font-weight: 400\">Contudo, o banco ainda est\u00e1 otimista com 2021, e prev\u00ea crescimento de 3,5%, taxa acima da expectativa do Fundo Monet\u00e1rio Internacional (FMI), que prev\u00ea avan\u00e7o de 2,9% (metade da expectativa de expans\u00e3o global, de 5,8%).\u00a0 O Fundo \u00e9 mais pessimista que o banco, pois prev\u00ea retra\u00e7\u00e3o de 5,3% no PIB brasileiro neste ano.\u00a0\u00a0<\/span><\/p>\n<p>&nbsp;<\/p>\n<p><span style=\"font-weight: 400\">A equipe de economistas do Ita\u00fa Unibanco tamb\u00e9m revisou a estimativa de deficit prim\u00e1rio neste ano, de 8% para 10,2% do PIB, devido ao impacto das medidas emergenciais no combate \u00e0 crise da covid-19 nas contas p\u00fablicas, elevando a d\u00edvida p\u00fablica e os riscos fiscais.\u00a0<\/span><span style=\"font-weight: 400\">Diante da piora no quadro fiscal e no aumento das incertezas devido \u00e0 forte queda na a, o banco projeta o d\u00f3lar valorizado, encerrando o ano em R$ 5,75.\u00a0<\/span><\/p>\n<p>&nbsp;<\/p>\n<p><span style=\"font-weight: 400\">&#8220;<\/span><span style=\"font-weight: 400\">A piora em 2020 decorre principalmente da perspectiva de aumento de gastos para o combate\u00a0aos impactos do coronav\u00edrus, al\u00e9m da atividade\u00a0econ\u00f4mica mais fraca. As medidas devem alcan\u00e7ar\u00a07,2% do PIB (R$ 525 bilh\u00f5es), ante 5,6% do PIB (R$\u00a0415 bilh\u00f5es) no nosso cen\u00e1rio anterior&#8221;, destacou o documento divulgado nesta segunda-feira (11\/05).\u00a0\u00a0<\/span><span style=\"font-weight: 400\">A previs\u00e3o dos analistas do Ita\u00fa Unibanco \u00e9 que o governo precisar\u00e1 compensar o aumento de gastos com aumento de tributos, e, nesse sentido, o governo dever\u00e1 \u201cfocar na tributa\u00e7\u00e3o de lucros de setores espec\u00edficos e de alta renda\u201d.<\/span><\/p>\n<p>&nbsp;<\/p>\n<p><span style=\"font-weight: 400\">Ao reduzir a proje\u00e7\u00e3o de infla\u00e7\u00e3o deste ano de 2,7% para 2%, a equipe liderada pelo economista-chefe do Ita\u00fa Unibanco, M\u00e1rio Mesquita, acredita que o ambiente requer cautela do Banco Central devido \u00e0 amplia\u00e7\u00e3o do hiato do produto. A proje\u00e7\u00e3o para a taxa b\u00e1sica de juros (Selic), atualmente em 3% ao ano, \u00e9 de 2,25% at\u00e9 dezembro.<\/span><\/p>\n<p>&nbsp;<\/p>\n<p>Os economistas do Ita\u00fa acreditam que o Comit\u00ea de Pol\u00edtica Monet\u00e1ria (Copom), do BC, realizar\u00e1 um corte final de\u00a00,75 ponto percentual na pr\u00f3xima reuni\u00e3o de junho. &#8220;Em nossa opini\u00e3o,\u00a0seria necess\u00e1rio uma piora ainda mais intensa da\u00a0situa\u00e7\u00e3o fiscal e um n\u00edvel ainda mais depreciado da taxa\u00a0de c\u00e2mbio para impedir que o Copom repita em junho a\u00a0\u00faltima decis\u00e3o&#8221;, destacou o documento.<\/p>\n<p>&nbsp;<\/p>\n<p>Apesar de estarem mais otimistas do que o FMI, as novas proje\u00e7\u00f5es do Ita\u00fa Unibanco est\u00e3o mais pessimistas do que a mediana das estimativas do mercado, divulgadas nesta segunda-feira pelo Banco Central no boletim semanal Focus. A previs\u00e3o do PIB deste ano sofreu a 13\u00aa revis\u00e3o consecutiva e expectativa de queda passou de 3,8% para 4,1%.<\/p>\n","protected":false},"excerpt":{"rendered":"<p>ROSANA HESSEL &nbsp; O Ita\u00fa Unibanco acaba de revisar o cen\u00e1rio da economia brasileira e piorou a expectativa para o Produto Interno Bruto (PIB) de 2020, a queda prevista passou de 2,5% para 4,5%.\u00a0\u00a0A institui\u00e7\u00e3o projeta recuo de 2,1%, no PIB do primeiro trimestre deste ano, e contra\u00e7\u00e3o de 10,6%, no segundo trimestre. &nbsp; Contudo, [&hellip;]<\/p>\n","protected":false},"author":22,"featured_media":0,"comment_status":"open","ping_status":"closed","sticky":false,"template":"","format":"standard","meta":{"footnotes":""},"categories":[600],"tags":[1212,58,718],"class_list":["post-14394","post","type-post","status-publish","format-standard","hentry","category-economia","tag-itau-unibanco","tag-pib","tag-revisao"],"_links":{"self":[{"href":"https:\/\/blogs.correiobraziliense.com.br\/vicente\/wp-json\/wp\/v2\/posts\/14394","targetHints":{"allow":["GET"]}}],"collection":[{"href":"https:\/\/blogs.correiobraziliense.com.br\/vicente\/wp-json\/wp\/v2\/posts"}],"about":[{"href":"https:\/\/blogs.correiobraziliense.com.br\/vicente\/wp-json\/wp\/v2\/types\/post"}],"author":[{"embeddable":true,"href":"https:\/\/blogs.correiobraziliense.com.br\/vicente\/wp-json\/wp\/v2\/users\/22"}],"replies":[{"embeddable":true,"href":"https:\/\/blogs.correiobraziliense.com.br\/vicente\/wp-json\/wp\/v2\/comments?post=14394"}],"version-history":[{"count":0,"href":"https:\/\/blogs.correiobraziliense.com.br\/vicente\/wp-json\/wp\/v2\/posts\/14394\/revisions"}],"wp:attachment":[{"href":"https:\/\/blogs.correiobraziliense.com.br\/vicente\/wp-json\/wp\/v2\/media?parent=14394"}],"wp:term":[{"taxonomy":"category","embeddable":true,"href":"https:\/\/blogs.correiobraziliense.com.br\/vicente\/wp-json\/wp\/v2\/categories?post=14394"},{"taxonomy":"post_tag","embeddable":true,"href":"https:\/\/blogs.correiobraziliense.com.br\/vicente\/wp-json\/wp\/v2\/tags?post=14394"}],"curies":[{"name":"wp","href":"https:\/\/api.w.org\/{rel}","templated":true}]}}