{"id":14387,"date":"2020-06-20T20:59:33","date_gmt":"2020-06-20T23:59:33","guid":{"rendered":"http:\/\/blogs.correiobraziliense.com.br\/vicente\/?p=14387"},"modified":"2020-06-20T20:59:33","modified_gmt":"2020-06-20T23:59:33","slug":"bolsonaro-vai-a-velorio-de-paraquedista-que-morreu-em-acidente","status":"publish","type":"post","link":"https:\/\/blogs.correiobraziliense.com.br\/vicente\/bolsonaro-vai-a-velorio-de-paraquedista-que-morreu-em-acidente\/","title":{"rendered":"Bolsonaro vai a vel\u00f3rio de paraquedista que morreu em acidente"},"content":{"rendered":"<h2>O presidente Jair Bolsonaro ir\u00e1 ao Rio de Janeiro neste domingo (21\/06) para o vel\u00f3rio de um\u00a0soldado do Ex\u00e9rcito que ap\u00f3s um salto de treinamento da Brigada de Infantaria Paraquedista, no Campo dos Afonsos, Zona Oeste do Rio. O paraquedas n\u00e3o abriu adequadamente.<\/h2>\n<p>&nbsp;<\/p>\n<p>A equipe se seguran\u00e7a do presidente j\u00e1 embarcou para o Rio para preparar todo o percusso at\u00e9 onde ser\u00e1 o vel\u00f3rio. Bolsonaro quer fazer uma grande homenagem ao militar. Ele foi paraquedista durante parte do per\u00edodo que passou no Ex\u00e9rcito.<\/p>\n<p>&nbsp;<\/p>\n<p>Segundo o Comando Militar do Leste, o militar Pedro Lucas Ferreira Chaves estava a bordo de uma aeronave C-105 Amazonas para um exerc\u00edcio. Mas\u00a0ficou preso \u00e0 aeronave e, ap\u00f3s os procedimentos de emerg\u00eancia, a abertura do paraquedas do militar n\u00e3o ocorreu adequadamente.<\/p>\n<p>&nbsp;<\/p>\n<p>Diz o comando Militar do Leste: \u201cO soldado Chaves sofreu ferimentos graves por ocasi\u00e3o de sua chegada ao solo, recebendo, de imediato, os primeiros socorros por parte da equipe m\u00e9dica local\u201d. Foi, ent\u00e3o, levado\u00a0para o Hospital Geral do Rio de Janeiro, na Vila Militar, mas n\u00e3o resistiu.<\/p>\n<p>&nbsp;<\/p>\n<p>O Comando Militar do Leste assegura que vem prestando todo o apoio psicol\u00f3gico e religioso \u00e0 fam\u00edlia do militar. \u201cOs integrantes do Comando Militar do Leste e da Brigada de Infantaria Paraquedista sentem-se consternados pela perda e rogam a Deus pelo conforto da fam\u00edlia enlutada\u201d, ressalta o Comando.<\/p>\n","protected":false},"excerpt":{"rendered":"<p>O presidente Jair Bolsonaro ir\u00e1 ao Rio de Janeiro neste domingo (21\/06) para o vel\u00f3rio de um\u00a0soldado do Ex\u00e9rcito que ap\u00f3s um salto de treinamento da Brigada de Infantaria Paraquedista, no Campo dos Afonsos, Zona Oeste do Rio. O paraquedas n\u00e3o abriu adequadamente. &nbsp; A equipe se seguran\u00e7a do presidente j\u00e1 embarcou para o Rio [&hellip;]<\/p>\n","protected":false},"author":22,"featured_media":14290,"comment_status":"open","ping_status":"closed","sticky":false,"template":"","format":"standard","meta":{"footnotes":""},"categories":[600],"tags":[2554,4038,958,4678,273,4679],"class_list":["post-14387","post","type-post","status-publish","format-standard","has-post-thumbnail","hentry","category-economia","tag-bolsonaro","tag-militar","tag-morte","tag-paraquedista","tag-rio","tag-velorio"],"_links":{"self":[{"href":"https:\/\/blogs.correiobraziliense.com.br\/vicente\/wp-json\/wp\/v2\/posts\/14387","targetHints":{"allow":["GET"]}}],"collection":[{"href":"https:\/\/blogs.correiobraziliense.com.br\/vicente\/wp-json\/wp\/v2\/posts"}],"about":[{"href":"https:\/\/blogs.correiobraziliense.com.br\/vicente\/wp-json\/wp\/v2\/types\/post"}],"author":[{"embeddable":true,"href":"https:\/\/blogs.correiobraziliense.com.br\/vicente\/wp-json\/wp\/v2\/users\/22"}],"replies":[{"embeddable":true,"href":"https:\/\/blogs.correiobraziliense.com.br\/vicente\/wp-json\/wp\/v2\/comments?post=14387"}],"version-history":[{"count":0,"href":"https:\/\/blogs.correiobraziliense.com.br\/vicente\/wp-json\/wp\/v2\/posts\/14387\/revisions"}],"wp:featuredmedia":[{"embeddable":true,"href":"https:\/\/blogs.correiobraziliense.com.br\/vicente\/wp-json\/wp\/v2\/media\/14290"}],"wp:attachment":[{"href":"https:\/\/blogs.correiobraziliense.com.br\/vicente\/wp-json\/wp\/v2\/media?parent=14387"}],"wp:term":[{"taxonomy":"category","embeddable":true,"href":"https:\/\/blogs.correiobraziliense.com.br\/vicente\/wp-json\/wp\/v2\/categories?post=14387"},{"taxonomy":"post_tag","embeddable":true,"href":"https:\/\/blogs.correiobraziliense.com.br\/vicente\/wp-json\/wp\/v2\/tags?post=14387"}],"curies":[{"name":"wp","href":"https:\/\/api.w.org\/{rel}","templated":true}]}}