{"id":14384,"date":"2020-06-20T16:17:48","date_gmt":"2020-06-20T19:17:48","guid":{"rendered":"http:\/\/blogs.correiobraziliense.com.br\/vicente\/?p=14384"},"modified":"2020-06-20T16:17:48","modified_gmt":"2020-06-20T19:17:48","slug":"coronavirus-se-espalha-pela-administracao-central-do-inss","status":"publish","type":"post","link":"https:\/\/blogs.correiobraziliense.com.br\/vicente\/coronavirus-se-espalha-pela-administracao-central-do-inss\/","title":{"rendered":"Coronav\u00edrus se espalha pela administra\u00e7\u00e3o central do INSS"},"content":{"rendered":"<h2>O clima pesou na administra\u00e7\u00e3o central do Instituto Nacional do Seguro Social (INSS) diante da dissemina\u00e7\u00e3o do novo coronav\u00edrus entre funcion\u00e1rios do \u00f3rg\u00e3o.<\/h2>\n<p>&nbsp;<\/p>\n<p>A situa\u00e7\u00e3o est\u00e1 t\u00e3o preocupante, que a dire\u00e7\u00e3o do INSS pediu\u00a0ao governo do Distrito Federal a sanitiza\u00e7\u00e3o completa do edif\u00edcio-sede. A decis\u00e3o foi tomada depois que uma ala do 10\u00ba andar, vizinha ao gabinete do presidente do instituto, foi lacrada quando um servidor com livre acesso testou positivo para a covid-19.<\/p>\n<p>&nbsp;<\/p>\n<p>A preocupa\u00e7\u00e3o dos servidores \u00e9 grande, pois, como o pr\u00e9dio conta com sistema de ar condicionado central e pouca ventila\u00e7\u00e3o natural, h\u00e1 medo de cont\u00e1gio entre aqueles que continuam no trabalho presencial.<\/p>\n<p>&nbsp;<\/p>\n<p>Segundo fontes, ainda h\u00e1 pelos corredores do pr\u00e9dio do INSS quem circule sem m\u00e1scaras, o que tem chamado a aten\u00e7\u00e3o das autoridades sanit\u00e1rias. Esse pode ser um dos motivos da dissemina\u00e7\u00e3o do v\u00edrus no local.<\/p>\n<p>&nbsp;<\/p>\n<p><strong>Testes de covid-19<\/strong><\/p>\n<p>&nbsp;<\/p>\n<p>Para tentar reverter esse quadro, gestores do INSS pensam em uma forma de providenciar testes r\u00e1pidos para quem ainda frequenta a reparti\u00e7\u00e3o. Mas nada avan\u00e7ou nesse sentido at\u00e9 o momento.<\/p>\n<p>&nbsp;<\/p>\n<p>O problema na administra\u00e7\u00e3o central do INSS surge no momento em que o governo anuncia a reabertura das ag\u00eancias do \u00f3rg\u00e3o em julho. E h\u00e1 movimenta\u00e7\u00f5es para o retorno da \u00e1rea meio do \u00f3rg\u00e3o ao trabalho presencial.<\/p>\n<p>&nbsp;<\/p>\n<p>N\u00e3o custa lembrar que o p\u00fablico que frequenta as ag\u00eancias do INSS s\u00e3o, em sua maioria, do grupo de risco: idosos, doentes e pessoas com defici\u00eancia.<\/p>\n<p>&nbsp;<\/p>\n<p><em>Bras\u00edlia, 16h17min<\/em><\/p>\n","protected":false},"excerpt":{"rendered":"<p>O clima pesou na administra\u00e7\u00e3o central do Instituto Nacional do Seguro Social (INSS) diante da dissemina\u00e7\u00e3o do novo coronav\u00edrus entre funcion\u00e1rios do \u00f3rg\u00e3o. &nbsp; A situa\u00e7\u00e3o est\u00e1 t\u00e3o preocupante, que a dire\u00e7\u00e3o do INSS pediu\u00a0ao governo do Distrito Federal a sanitiza\u00e7\u00e3o completa do edif\u00edcio-sede. A decis\u00e3o foi tomada depois que uma ala do 10\u00ba andar, [&hellip;]<\/p>\n","protected":false},"author":22,"featured_media":11156,"comment_status":"open","ping_status":"closed","sticky":false,"template":"","format":"standard","meta":{"footnotes":""},"categories":[600],"tags":[4675,4501,4419,4676,4677,408],"class_list":["post-14384","post","type-post","status-publish","format-standard","has-post-thumbnail","hentry","category-economia","tag-administracao-geral","tag-contaminacao","tag-coronavirus","tag-disseminacao","tag-edificio-sede","tag-inss"],"_links":{"self":[{"href":"https:\/\/blogs.correiobraziliense.com.br\/vicente\/wp-json\/wp\/v2\/posts\/14384","targetHints":{"allow":["GET"]}}],"collection":[{"href":"https:\/\/blogs.correiobraziliense.com.br\/vicente\/wp-json\/wp\/v2\/posts"}],"about":[{"href":"https:\/\/blogs.correiobraziliense.com.br\/vicente\/wp-json\/wp\/v2\/types\/post"}],"author":[{"embeddable":true,"href":"https:\/\/blogs.correiobraziliense.com.br\/vicente\/wp-json\/wp\/v2\/users\/22"}],"replies":[{"embeddable":true,"href":"https:\/\/blogs.correiobraziliense.com.br\/vicente\/wp-json\/wp\/v2\/comments?post=14384"}],"version-history":[{"count":0,"href":"https:\/\/blogs.correiobraziliense.com.br\/vicente\/wp-json\/wp\/v2\/posts\/14384\/revisions"}],"wp:featuredmedia":[{"embeddable":true,"href":"https:\/\/blogs.correiobraziliense.com.br\/vicente\/wp-json\/wp\/v2\/media\/11156"}],"wp:attachment":[{"href":"https:\/\/blogs.correiobraziliense.com.br\/vicente\/wp-json\/wp\/v2\/media?parent=14384"}],"wp:term":[{"taxonomy":"category","embeddable":true,"href":"https:\/\/blogs.correiobraziliense.com.br\/vicente\/wp-json\/wp\/v2\/categories?post=14384"},{"taxonomy":"post_tag","embeddable":true,"href":"https:\/\/blogs.correiobraziliense.com.br\/vicente\/wp-json\/wp\/v2\/tags?post=14384"}],"curies":[{"name":"wp","href":"https:\/\/api.w.org\/{rel}","templated":true}]}}