{"id":14352,"date":"2020-06-19T16:36:21","date_gmt":"2020-06-19T19:36:21","guid":{"rendered":"http:\/\/blogs.correiobraziliense.com.br\/vicente\/?p=14352"},"modified":"2020-06-19T16:36:21","modified_gmt":"2020-06-19T19:36:21","slug":"pesquisa-detecta-pela-primeira-vez-presenca-do-coronavirus-em-100-de-esgoto-de-minas","status":"publish","type":"post","link":"https:\/\/blogs.correiobraziliense.com.br\/vicente\/pesquisa-detecta-pela-primeira-vez-presenca-do-coronavirus-em-100-de-esgoto-de-minas\/","title":{"rendered":"Pesquisa detecta, pela primeira vez, presen\u00e7a do coronav\u00edrus em 100% de esgoto de Minas"},"content":{"rendered":"<h2>A dissemina\u00e7\u00e3o do novo coronav\u00edrus est\u00e1 ocorrendo de uma forma muito acelerada. Pesquisa realizada em dois sistemas de esgoto de Belo Horizonte e Contagem, em Minas Gerais, constataram a presen\u00e7a do v\u00edrus em 100% das amostras coletadas. \u00c9 a primeira vez que se registra resultado t\u00e3o alarmante.<\/h2>\n<p>&nbsp;<\/p>\n<p>A presen\u00e7a maci\u00e7a do novo coronav\u00edrus em redes de esgotos da capital mineira coincide como o aumento substancial do n\u00famero de infectados pelo v\u00edrus. As estimativas apontam que a\u00a0popula\u00e7\u00e3o com covid-19 em Belo Horizonte subiu para mais de 50 mil pessoas entre os dias 8 e 12 de junho. O governador do estado, Romeu Zema, admitiu, pela primeira vez, que o sistema de sa\u00fade estadual pode entrar em colapso em um m\u00eas.<\/p>\n<p>&nbsp;<\/p>\n<p>O avan\u00e7o do novo coronav\u00edrus em redes de esgoto est\u00e1 no Boletim de Acompanhamento do projeto-piloto Monitoramento Covid Esgotos, que traz resultado de amostras coletadas nos sistemas de esgotamento sanit\u00e1rio das bacias do Arrudas e do On\u00e7a, em Belo Horizonte e Contagem.<\/p>\n<p>&nbsp;<\/p>\n<p>Os levantamento anteriores j\u00e1 mostravam crescimento na presen\u00e7a do novo coronav\u00edrus nas redes de esgoto. De\u00a071%, a presen\u00e7a do v\u00edrus saltou para 86% nas coletas realizadas semanas antes \u2014 agora, chega-se a 100% \u2014, segundo projeto conduzido pela Ag\u00eancia Nacional de \u00c1guas (ANA) e pelo Instituto Nacional de Ci\u00eancia e Tecnologia em Esta\u00e7\u00f5es Sustent\u00e1veis de Tratamento de Esgoto, em parceria com a Companhia de Saneamento de Minas Gerais (Copasa), o Instituto Mineiro de Gest\u00e3o das \u00c1guas (Igam) e a Secretaria de Estado de Sa\u00fade de Minas Gerais (SES-MG).<\/p>\n<p>&nbsp;<\/p>\n<p><strong>Popula\u00e7\u00e3o infectada<\/strong><\/p>\n<p>&nbsp;<\/p>\n<p>Na bacia do On\u00e7a, por tr\u00eas semanas consecutivas, 100% das amostras resultaram positivas para a presen\u00e7a do novo coronav\u00edrus. A estimativa de popula\u00e7\u00e3o infectada tamb\u00e9m aumentou na mais recente semana de coletas, chegando a 11,7% da popula\u00e7\u00e3o atendida por uma das sub-bacias de esgotamento analisadas, em um dos pontos de coleta.<\/p>\n<p>&nbsp;<\/p>\n<p>Na semana anterior (de 1\u00ba a 5 de junho), dados do mesmo ponto de coleta permitiam estimar que 6,9% da popula\u00e7\u00e3o atendida estaria infectada pelo novo coronav\u00edrus. Agora,\u00a0 estima-se que\u00a0mais de 50 mil pessoas foram infectadas pelo novo coronav\u00edrus, conforme carga viral identificada nas amostras coletadas entre 8 e 12 de junho.<\/p>\n<p>&nbsp;<\/p>\n<p>Esta popula\u00e7\u00e3o equivale a aproximadamente 2,5% de toda a popula\u00e7\u00e3o interligada aos sistemas de esgotamento e tratamento das bacias do Arrudas e do On\u00e7a. Na semana de coleta anterior, estimava-se em mais de 20 mil pessoas infectadas nas regi\u00f5es pesquisadas.<\/p>\n<p>&nbsp;<\/p>\n<p>\u201cOs resultados e as estimativas com base no monitoramento do esgoto indicam tend\u00eancia de aumento expressivo da popula\u00e7\u00e3o infectada pelo novo coronav\u00edrus em Belo Horizonte. Portanto, medidas de preven\u00e7\u00e3o e controle para evitar a dissemina\u00e7\u00e3o do v\u00edrus deveriam ser intensificadas\u201d afirmam os pesquisadores, no boletim.<\/p>\n<p>&nbsp;<\/p>\n<p><em>Bras\u00edlia, 16h36min<\/em><\/p>\n","protected":false},"excerpt":{"rendered":"<p>A dissemina\u00e7\u00e3o do novo coronav\u00edrus est\u00e1 ocorrendo de uma forma muito acelerada. Pesquisa realizada em dois sistemas de esgoto de Belo Horizonte e Contagem, em Minas Gerais, constataram a presen\u00e7a do v\u00edrus em 100% das amostras coletadas. \u00c9 a primeira vez que se registra resultado t\u00e3o alarmante. &nbsp; A presen\u00e7a maci\u00e7a do novo coronav\u00edrus em [&hellip;]<\/p>\n","protected":false},"author":22,"featured_media":13413,"comment_status":"open","ping_status":"closed","sticky":false,"template":"","format":"standard","meta":{"footnotes":""},"categories":[600],"tags":[3741,4673,4419,4505,4674,3671],"class_list":["post-14352","post","type-post","status-publish","format-standard","has-post-thumbnail","hentry","category-economia","tag-3741","tag-coletas","tag-coronavirus","tag-covid-19","tag-esgoto","tag-minas"],"_links":{"self":[{"href":"https:\/\/blogs.correiobraziliense.com.br\/vicente\/wp-json\/wp\/v2\/posts\/14352","targetHints":{"allow":["GET"]}}],"collection":[{"href":"https:\/\/blogs.correiobraziliense.com.br\/vicente\/wp-json\/wp\/v2\/posts"}],"about":[{"href":"https:\/\/blogs.correiobraziliense.com.br\/vicente\/wp-json\/wp\/v2\/types\/post"}],"author":[{"embeddable":true,"href":"https:\/\/blogs.correiobraziliense.com.br\/vicente\/wp-json\/wp\/v2\/users\/22"}],"replies":[{"embeddable":true,"href":"https:\/\/blogs.correiobraziliense.com.br\/vicente\/wp-json\/wp\/v2\/comments?post=14352"}],"version-history":[{"count":0,"href":"https:\/\/blogs.correiobraziliense.com.br\/vicente\/wp-json\/wp\/v2\/posts\/14352\/revisions"}],"wp:featuredmedia":[{"embeddable":true,"href":"https:\/\/blogs.correiobraziliense.com.br\/vicente\/wp-json\/wp\/v2\/media\/13413"}],"wp:attachment":[{"href":"https:\/\/blogs.correiobraziliense.com.br\/vicente\/wp-json\/wp\/v2\/media?parent=14352"}],"wp:term":[{"taxonomy":"category","embeddable":true,"href":"https:\/\/blogs.correiobraziliense.com.br\/vicente\/wp-json\/wp\/v2\/categories?post=14352"},{"taxonomy":"post_tag","embeddable":true,"href":"https:\/\/blogs.correiobraziliense.com.br\/vicente\/wp-json\/wp\/v2\/tags?post=14352"}],"curies":[{"name":"wp","href":"https:\/\/api.w.org\/{rel}","templated":true}]}}